
 







{"id":1761,"date":"2026-03-24T10:07:00","date_gmt":"2026-03-24T08:07:00","guid":{"rendered":"https:\/\/blogs.amb.cat\/alimentaciometropolitana\/?p=1761"},"modified":"2026-04-07T13:07:59","modified_gmt":"2026-04-07T11:07:59","slug":"en-marxa-el-projecte-singulars-que-busca-connectar-productors-i-comercos-locals-darreu-del-pais","status":"publish","type":"post","link":"https:\/\/blogs.amb.cat\/alimentaciometropolitana\/2026\/03\/24\/en-marxa-el-projecte-singulars-que-busca-connectar-productors-i-comercos-locals-darreu-del-pais\/","title":{"rendered":"En marxa el projecte Singulars, que busca connectar productors i comer\u00e7os locals d&#8217;arreu del pa\u00eds"},"content":{"rendered":"\n<p><strong>El projecte, que ha obert una ronda de finan\u00e7ament, connectar\u00e0 tota la cadena agroaliment\u00e0ria sota una mateixa xarxa per millorar la viabilitat i competitivitat dels productors, elaboradors i comer\u00e7os locals, i oferir\u00e0 diversos serveis tot mantenint la identitat i la independ\u00e8ncia de cadascun. El projecte busca crear una estructura eficient, a gran escala, sense \u00e0nim de lucre i amb governan\u00e7a participada.<\/strong> <strong>L&#8217;entrada en funcionament est\u00e0 prevista a partir del 2027. <\/strong><\/p>\n\n\n\n<p>Poder menjar productes del pa\u00eds, saludables, de qualitat i assequibles, i alhora cuidar la pagesia i el comer\u00e7 local. Aquest \u00e9s l&#8217;objectiu de la fundaci\u00f3 <a href=\"https:\/\/somsingulars.cat\/\" data-type=\"URL\" data-id=\"https:\/\/somsingulars.cat\/\">Singulars<\/a>, un projecte gestat des del 2023 per part de persones i entitats vinculades al sector agroalimentari i que fa unes setmanes ha comen\u00e7at una ronda de finan\u00e7ament. L&#8217;objectiu \u00e9s arribar a 3,5&nbsp;milions d&#8217;euros: 2 milions provinents de t\u00edtols i cr\u00e8dits participatius i donatius, 1 mili\u00f3 de finan\u00e7ament previst per l&#8217;Institut Catal\u00e0 de Finances i 0,5 milions provinents de subvencions p\u00fabliques. Al web es pot seguir com avan\u00e7a la ronda de finan\u00e7ament. En les primeres tres setmanes s&#8217;han recaptat 700.000 euros, un 35&nbsp;% de l&#8217;objectiu.<\/p>\n\n\n\n<p>Aquest finan\u00e7ament inicial es justifica pel nivell d&#8217;economia d&#8217;escala que caracteritza la iniciativa. La plataforma centralitza el proc\u00e9s d&#8217;abastament des de la producci\u00f3 fins a la venda per fer-lo eficient. D&#8217;aquesta manera, es busca que el consum de productes aut\u00f2ctons sigui assequible per al consumidor final sense perjudicar el marge de guany del productor. Per a Singulars, aix\u00f2 nom\u00e9s \u00e9s possible si es comen\u00e7a amb un volum d&#8217;arrencada notori: 4.500 refer\u00e8ncies de productes distribu\u00efdes per 400 punts de venda arreu del territori catal\u00e0, amb pobles, ciutats mitjanes i grans, i tamb\u00e9 l&#8217;\u00c0rea Metropolitana de Barcelona.<\/p>\n\n\n\n<p>Est\u00e0 previst que Singulars entri en ple funcionament a partir de l&#8217;any 2027, una vegada s&#8217;hagi dut a terme el proc\u00e9s de finan\u00e7ament, s&#8217;hi hagin sumat les 400 primeres botigues i s&#8217;hagi completat el magatzem log\u00edstic central de Singulars, des del qual s&#8217;articular\u00e0 tota la distribuci\u00f3 de productes als comer\u00e7os. Aquesta instal\u00b7laci\u00f3 es far\u00e0, probablement, al municipi de Prats de Rei, una ubicaci\u00f3 estrat\u00e8gica al centre geogr\u00e0fic del pa\u00eds.<\/p>\n\n\n\n<figure class=\"wp-block-image size-large\"><img src=\"https:\/\/somsingulars.cat\/wp-content\/uploads\/2026\/02\/grup-motor-singulars-1200x675.jpg\" alt=\"\" \/><figcaption>Grup motor de Singulars.<\/figcaption><\/figure>\n\n\n\n<p>Singulars est\u00e0 liderat pel col\u00b7lectiu Eixarcolant, a m\u00e9s d&#8217;un grup motor format per entitats com <a href=\"https:\/\/leconomat.cat\/\">l&#8217;Economat Social de Barcelona<\/a> o <a href=\"https:\/\/botiga.queviure.cat\/\">Qu\u00e8viure<\/a>, de l&#8217;Hospitalet de Llobregat. Tamb\u00e9 inclou una setantena d&#8217;entitats, com la <a href=\"https:\/\/espigoladors.cat\/\">Fundaci\u00f3 Espigoladors<\/a> i <a href=\"https:\/\/foodcoopbcn.cat\/\">Food Coop BCN<\/a>, al consell d&#8217;entitats, i m\u00e9s d&#8217;un centenar al consell assessor, amb la majoria d&#8217;entitats del sector agroalimentari.<\/p>\n\n\n\n<p>L&#8217;objectiu del projecte t\u00e9 un abast sense precedents a Catalunya. Tot i aix\u00f2, hi ha precedents a escala menor, com la iniciativa <a href=\"https:\/\/www.terrapagesa.cat\/ca\">Terra Pagesa<\/a>, que connecta productors d&#8217;arreu del pa\u00eds amb comer\u00e7os locals situats majorit\u00e0riament a l&#8217;\u00c0rea Metropolitana de Barcelona.<\/p>\n","protected":false},"excerpt":{"rendered":"<p>El projecte, que ha obert una ronda de finan\u00e7ament, connectar\u00e0 tota la cadena agroaliment\u00e0ria sota una mateixa xarxa per millorar la viabilitat i competitivitat dels productors, elaboradors i comer\u00e7os locals, i oferir\u00e0 diversos serveis tot mantenint la identitat i la independ\u00e8ncia de cadascun. El projecte busca crear una estructura eficient, a gran escala, sense \u00e0nim [&hellip;]<\/p>\n","protected":false},"author":49,"featured_media":1779,"comment_status":"closed","ping_status":"open","sticky":false,"template":"","format":"standard","meta":{"_oasis_is_in_workflow":0,"_oasis_original":0,"ngg_post_thumbnail":0},"categories":[186,185,1,183],"tags":[],"_links":{"self":[{"href":"https:\/\/blogs.amb.cat\/alimentaciometropolitana\/wp-json\/wp\/v2\/posts\/1761"}],"collection":[{"href":"https:\/\/blogs.amb.cat\/alimentaciometropolitana\/wp-json\/wp\/v2\/posts"}],"about":[{"href":"https:\/\/blogs.amb.cat\/alimentaciometropolitana\/wp-json\/wp\/v2\/types\/post"}],"author":[{"embeddable":true,"href":"https:\/\/blogs.amb.cat\/alimentaciometropolitana\/wp-json\/wp\/v2\/users\/49"}],"replies":[{"embeddable":true,"href":"https:\/\/blogs.amb.cat\/alimentaciometropolitana\/wp-json\/wp\/v2\/comments?post=1761"}],"version-history":[{"count":6,"href":"https:\/\/blogs.amb.cat\/alimentaciometropolitana\/wp-json\/wp\/v2\/posts\/1761\/revisions"}],"predecessor-version":[{"id":1809,"href":"https:\/\/blogs.amb.cat\/alimentaciometropolitana\/wp-json\/wp\/v2\/posts\/1761\/revisions\/1809"}],"wp:featuredmedia":[{"embeddable":true,"href":"https:\/\/blogs.amb.cat\/alimentaciometropolitana\/wp-json\/wp\/v2\/media\/1779"}],"wp:attachment":[{"href":"https:\/\/blogs.amb.cat\/alimentaciometropolitana\/wp-json\/wp\/v2\/media?parent=1761"}],"wp:term":[{"taxonomy":"category","embeddable":true,"href":"https:\/\/blogs.amb.cat\/alimentaciometropolitana\/wp-json\/wp\/v2\/categories?post=1761"},{"taxonomy":"post_tag","embeddable":true,"href":"https:\/\/blogs.amb.cat\/alimentaciometropolitana\/wp-json\/wp\/v2\/tags?post=1761"}],"curies":[{"name":"wp","href":"https:\/\/api.w.org\/{rel}","templated":true}]}}