
 







{"id":1815,"date":"2026-04-23T12:24:45","date_gmt":"2026-04-23T10:24:45","guid":{"rendered":"https:\/\/blogs.amb.cat\/alimentaciometropolitana\/?p=1815"},"modified":"2026-04-23T12:24:45","modified_gmt":"2026-04-23T10:24:45","slug":"viladecans-celebrara-la-jornada-sandboxes-agroalimentaris-a-catalunya-i-europa-el-proper-28-dabril","status":"publish","type":"post","link":"https:\/\/blogs.amb.cat\/alimentaciometropolitana\/2026\/04\/23\/viladecans-celebrara-la-jornada-sandboxes-agroalimentaris-a-catalunya-i-europa-el-proper-28-dabril\/","title":{"rendered":"Viladecans celebrar\u00e0 la &#8220;Jornada Sandboxes agroalimentaris a Catalunya i Europa&#8221; el proper 28 d&#8217;abril"},"content":{"rendered":"\n<p>El pr\u00f2xim 28 d&#8217;abril, l&#8217;Auditori del Centre de promoci\u00f3 econ\u00f2mica Can Calder\u00f3n de Viladecans ser\u00e0 l&#8217;escenari d&#8217;una jornada centrada en l&#8217;experimentaci\u00f3 reguladora mitjan\u00e7ant l&#8217;\u00fas de <em>sandboxes<\/em>. La sessi\u00f3 comptar\u00e0 amb la participaci\u00f3 del <a href=\"https:\/\/joint-research-centre.ec.europa.eu\/index_en\">Joint Research Centre (JRC)<\/a> de la Comissi\u00f3 Europea, que exposar\u00e0 l&#8217;itinerari del projecte AgroDeltaLab de Viladecans, aix\u00ed com d&#8217;altres iniciatives europees an\u00e0logues que s&#8217;estan desenvolupant a les A\u00e7ores, Malta i Turquia.<\/p>\n\n\n\n<p>Un <em>sandbox<\/em> regulador \u00e9s un entorn de proves controlat que permet provar innovacions tecnol\u00f2giques o nous models de negoci en el sector agroalimentari que actualment no tenen encaix en la legislaci\u00f3 vigent. Mitjan\u00e7ant aquest sistema, l&#8217;administraci\u00f3 aplica una flexibilitzaci\u00f3 temporal i acotada de la normativa per a un grup limitat de participants.<\/p>\n\n\n\n<p>Aquest mecanisme t\u00e9 com a finalitat facilitar l&#8217;aprenentatge mutu: d&#8217;una banda, permet a les empreses validar els seus projectes en un escenari real sota condicions de seguretat; de l&#8217;altra, proporciona als organismes reguladors dades emp\u00edriques per avaluar l&#8217;impacte de la innovaci\u00f3 i determinar si cal aplicar modificacions legislatives de manera permanent. D&#8217;aquesta manera, es fomenta una adaptaci\u00f3 \u00e0gil de la normativa al progr\u00e9s tecnol\u00f2gic, tot minimitzant els riscos per al sistema general.<\/p>\n\n\n\n<p>Detalls de la jornada:<\/p>\n\n\n\n<p><strong>Data:<\/strong>&nbsp;28 d&#8217;abril<br><strong>Hora:&nbsp;<\/strong>de 09:00h a 16:00h<br><strong>Lloc:&nbsp;<\/strong>Centre de promoci\u00f3 econ\u00f2mica Can Calder\u00f3n (c\/ Andorra 64, Viladecans)<\/p>\n\n\n\n<p>A trav\u00e9s de la <a href=\"https:\/\/www.viladecans.cat\/ca\/jornada-sandboxes-agroalimentaris-catalunya-i-europa\">p\u00e0gina web de l&#8217;Ajuntament de Viladecans<\/a> es pot accedir a les inscripcions a la jornada aix\u00ed com consultar el programa complet.<\/p>\n","protected":false},"excerpt":{"rendered":"<p>El pr\u00f2xim 28 d&#8217;abril, l&#8217;Auditori del Centre de promoci\u00f3 econ\u00f2mica Can Calder\u00f3n de Viladecans ser\u00e0 l&#8217;escenari d&#8217;una jornada centrada en l&#8217;experimentaci\u00f3 reguladora mitjan\u00e7ant l&#8217;\u00fas de sandboxes. La sessi\u00f3 comptar\u00e0 amb la participaci\u00f3 del Joint Research Centre (JRC) de la Comissi\u00f3 Europea, que exposar\u00e0 l&#8217;itinerari del projecte AgroDeltaLab de Viladecans, aix\u00ed com d&#8217;altres iniciatives europees an\u00e0logues [&hellip;]<\/p>\n","protected":false},"author":49,"featured_media":1818,"comment_status":"closed","ping_status":"open","sticky":false,"template":"","format":"standard","meta":{"_oasis_is_in_workflow":0,"_oasis_original":0,"ngg_post_thumbnail":0},"categories":[1],"tags":[],"_links":{"self":[{"href":"https:\/\/blogs.amb.cat\/alimentaciometropolitana\/wp-json\/wp\/v2\/posts\/1815"}],"collection":[{"href":"https:\/\/blogs.amb.cat\/alimentaciometropolitana\/wp-json\/wp\/v2\/posts"}],"about":[{"href":"https:\/\/blogs.amb.cat\/alimentaciometropolitana\/wp-json\/wp\/v2\/types\/post"}],"author":[{"embeddable":true,"href":"https:\/\/blogs.amb.cat\/alimentaciometropolitana\/wp-json\/wp\/v2\/users\/49"}],"replies":[{"embeddable":true,"href":"https:\/\/blogs.amb.cat\/alimentaciometropolitana\/wp-json\/wp\/v2\/comments?post=1815"}],"version-history":[{"count":4,"href":"https:\/\/blogs.amb.cat\/alimentaciometropolitana\/wp-json\/wp\/v2\/posts\/1815\/revisions"}],"predecessor-version":[{"id":1821,"href":"https:\/\/blogs.amb.cat\/alimentaciometropolitana\/wp-json\/wp\/v2\/posts\/1815\/revisions\/1821"}],"wp:featuredmedia":[{"embeddable":true,"href":"https:\/\/blogs.amb.cat\/alimentaciometropolitana\/wp-json\/wp\/v2\/media\/1818"}],"wp:attachment":[{"href":"https:\/\/blogs.amb.cat\/alimentaciometropolitana\/wp-json\/wp\/v2\/media?parent=1815"}],"wp:term":[{"taxonomy":"category","embeddable":true,"href":"https:\/\/blogs.amb.cat\/alimentaciometropolitana\/wp-json\/wp\/v2\/categories?post=1815"},{"taxonomy":"post_tag","embeddable":true,"href":"https:\/\/blogs.amb.cat\/alimentaciometropolitana\/wp-json\/wp\/v2\/tags?post=1815"}],"curies":[{"name":"wp","href":"https:\/\/api.w.org\/{rel}","templated":true}]}}