
 







{"id":182,"date":"2021-06-18T10:01:00","date_gmt":"2021-06-18T08:01:00","guid":{"rendered":"https:\/\/blogs.amb.cat\/alimentaciometropolitana\/?p=182"},"modified":"2021-06-18T10:28:23","modified_gmt":"2021-06-18T08:28:23","slug":"sabies-que-edicio-malbaratament-alimentari","status":"publish","type":"post","link":"https:\/\/blogs.amb.cat\/alimentaciometropolitana\/2021\/06\/18\/sabies-que-edicio-malbaratament-alimentari\/","title":{"rendered":"&#8216;Sabies que&#8230;?&#8217; Edici\u00f3 malbaratament alimentari"},"content":{"rendered":"\n<p>S\u2019estrena la secci\u00f3 <strong><em>\u2018Sabies que\u2026?\u2019<\/em><\/strong> un espai del blog on mensualment es publicar\u00e0 una<strong> infografia tem\u00e0tica <\/strong>amb xifres, dades i curiositats sobre<strong> l&#8217;alimentaci\u00f3 sostenible<\/strong>.<strong> <\/strong>Una manera r\u00e0pida i din\u00e0mica per aprendre i posar-se en context.<\/p>\n\n\n\n<p>La primera publicaci\u00f3 se centra en el <strong>malbaratament alimentari: <\/strong>l\u2019acte de llen\u00e7ar aliments aptes pel consum hum\u00e0 i que es descarten al llarg de la cadena aliment\u00e0ria, <a rel=\"noreferrer noopener\" href=\"https:\/\/blogs.amb.cat\/alimentaciometropolitana\/2021\/06\/09\/salvar-els-aliments-del-desaprofitament\/\" target=\"_blank\">des del camp<\/a> fins a les llars passant per la producci\u00f3, distribuci\u00f3, venda i consum final.<br><br><strong>Quin \u00e9s el seu abast? I els seus principals impactes?<\/strong><\/p>\n\n\n\n<p><\/p>\n\n\n\n<div class=\"wp-block-image is-style-default\"><figure class=\"aligncenter size-large is-resized\"><img src=\"https:\/\/blogs.amb.cat\/alimentaciometropolitana\/wp-content\/uploads\/sites\/14\/2021\/06\/Malbaratament-Alimentari-410x1024.jpg\" alt=\"\" class=\"wp-image-180\" width=\"410\" height=\"1024\" srcset=\"https:\/\/blogs.amb.cat\/alimentaciometropolitana\/wp-content\/uploads\/sites\/14\/2021\/06\/Malbaratament-Alimentari-410x1024.jpg 410w, https:\/\/blogs.amb.cat\/alimentaciometropolitana\/wp-content\/uploads\/sites\/14\/2021\/06\/Malbaratament-Alimentari-120x300.jpg 120w, https:\/\/blogs.amb.cat\/alimentaciometropolitana\/wp-content\/uploads\/sites\/14\/2021\/06\/Malbaratament-Alimentari-768x1920.jpg 768w, https:\/\/blogs.amb.cat\/alimentaciometropolitana\/wp-content\/uploads\/sites\/14\/2021\/06\/Malbaratament-Alimentari.jpg 800w\" sizes=\"(max-width: 410px) 100vw, 410px\" \/><\/figure><\/div>\n\n\n\n<p><\/p>\n","protected":false},"excerpt":{"rendered":"<p>S\u2019estrena la secci\u00f3 \u2018Sabies que\u2026?\u2019 un espai del blog on mensualment es publicar\u00e0 una infografia tem\u00e0tica amb xifres, dades i curiositats sobre l&#8217;alimentaci\u00f3 sostenible. Una manera r\u00e0pida i din\u00e0mica per aprendre i posar-se en context. La primera publicaci\u00f3 se centra en el malbaratament alimentari: l\u2019acte de llen\u00e7ar aliments aptes pel consum hum\u00e0 i que es [&hellip;]<\/p>\n","protected":false},"author":39,"featured_media":190,"comment_status":"closed","ping_status":"open","sticky":false,"template":"","format":"standard","meta":{"_oasis_is_in_workflow":0,"_oasis_original":0,"ngg_post_thumbnail":0},"categories":[1],"tags":[77,75,23],"_links":{"self":[{"href":"https:\/\/blogs.amb.cat\/alimentaciometropolitana\/wp-json\/wp\/v2\/posts\/182"}],"collection":[{"href":"https:\/\/blogs.amb.cat\/alimentaciometropolitana\/wp-json\/wp\/v2\/posts"}],"about":[{"href":"https:\/\/blogs.amb.cat\/alimentaciometropolitana\/wp-json\/wp\/v2\/types\/post"}],"author":[{"embeddable":true,"href":"https:\/\/blogs.amb.cat\/alimentaciometropolitana\/wp-json\/wp\/v2\/users\/39"}],"replies":[{"embeddable":true,"href":"https:\/\/blogs.amb.cat\/alimentaciometropolitana\/wp-json\/wp\/v2\/comments?post=182"}],"version-history":[{"count":6,"href":"https:\/\/blogs.amb.cat\/alimentaciometropolitana\/wp-json\/wp\/v2\/posts\/182\/revisions"}],"predecessor-version":[{"id":189,"href":"https:\/\/blogs.amb.cat\/alimentaciometropolitana\/wp-json\/wp\/v2\/posts\/182\/revisions\/189"}],"wp:featuredmedia":[{"embeddable":true,"href":"https:\/\/blogs.amb.cat\/alimentaciometropolitana\/wp-json\/wp\/v2\/media\/190"}],"wp:attachment":[{"href":"https:\/\/blogs.amb.cat\/alimentaciometropolitana\/wp-json\/wp\/v2\/media?parent=182"}],"wp:term":[{"taxonomy":"category","embeddable":true,"href":"https:\/\/blogs.amb.cat\/alimentaciometropolitana\/wp-json\/wp\/v2\/categories?post=182"},{"taxonomy":"post_tag","embeddable":true,"href":"https:\/\/blogs.amb.cat\/alimentaciometropolitana\/wp-json\/wp\/v2\/tags?post=182"}],"curies":[{"name":"wp","href":"https:\/\/api.w.org\/{rel}","templated":true}]}}