
 







{"id":192,"date":"2021-06-03T11:21:00","date_gmt":"2021-06-03T09:21:00","guid":{"rendered":"https:\/\/blogs.amb.cat\/alimentaciometropolitana\/?p=192"},"modified":"2021-06-23T18:28:10","modified_gmt":"2021-06-23T16:28:10","slug":"primera-reunio-de-treball-de-la-taula-social-metropolitana","status":"publish","type":"post","link":"https:\/\/blogs.amb.cat\/alimentaciometropolitana\/2021\/06\/03\/primera-reunio-de-treball-de-la-taula-social-metropolitana\/","title":{"rendered":"Primera reuni\u00f3 de treball de la Taula Social Metropolitana"},"content":{"rendered":"\n<p class=\"has-medium-font-size\">Vol ser un espai de di\u00e0leg i d&#8217;intercanvi sobre les problem\u00e0tiques socials que afecten els municipis metropolitans<\/p>\n\n\n\n<p>La <a href=\"https:\/\/www.amb.cat\/s\/web\/desenvolupament-socioeconomic\/politiques-socials\/garantia-alimentaria.html\">garantia aliment\u00e0ria<\/a> va ser el tema central de la primera reuni\u00f3 de treball de la Taula Social Metropolitana, que es va celebrar ahir, 2 de juny. \u00c9s una iniciativa de l<a href=\"https:\/\/www.amb.cat\/s\/web\/desenvolupament-socioeconomic\/politiques-socials.html\">&#8216;Oficina de Pol\u00edtiques Socials de l&#8217;\u00c0rea de Desenvolupament Social i Econ\u00f2mic<\/a> de l&#8217;AMB, que vetlla per la cohesi\u00f3 social.<\/p>\n\n\n\n<p>La reuni\u00f3 de feina va comptar amb la pres\u00e8ncia de Sant Boi de Llobregat, Gav\u00e0, Badia del Vall\u00e8s, Esplugues de Llobregat, Santa Coloma de Gramenet i Sant Vicen\u00e7 dels Horts i durant les pr\u00f2ximes setmanes s\u2019espera que se n\u2019hi afegeixin m\u00e9s. El criteri de selecci\u00f3 de municipis t\u00e9 a veure amb els projectes de garantia aliment\u00e0ria que estan desenvolupant i amb la diversitat de realitats que representen: mida territorial, perfil social, models de projectes, etc.<\/p>\n\n\n\n<p>Arran de la pand\u00e8mia de Covid-19, els municipis han vist com ha augmentat el volum de sol\u00b7licituds de les fam\u00edlies per rebre aliments. Aquest fet ha impulsat nous projectes, alhora que ha provocat un replantejament dels models implementats fins ara. Aix\u00ed, durant 2020 l\u2019AMB va entregar 16.700 beques menjador que cobreixen el 70% del cost dels \u00e0pats al centre escolar i 1.156 que cobreixen el 100%.<\/p>\n","protected":false},"excerpt":{"rendered":"<p>Vol ser un espai de di\u00e0leg i d&#8217;intercanvi sobre les problem\u00e0tiques socials que afecten els municipis metropolitans La garantia aliment\u00e0ria va ser el tema central de la primera reuni\u00f3 de treball de la Taula Social Metropolitana, que es va celebrar ahir, 2 de juny. \u00c9s una iniciativa de l&#8216;Oficina de Pol\u00edtiques Socials de l&#8217;\u00c0rea de [&hellip;]<\/p>\n","protected":false},"author":38,"featured_media":194,"comment_status":"closed","ping_status":"open","sticky":false,"template":"","format":"standard","meta":{"_oasis_is_in_workflow":0,"_oasis_original":0,"ngg_post_thumbnail":0},"categories":[1],"tags":[79,78,81,39,46,32,68],"_links":{"self":[{"href":"https:\/\/blogs.amb.cat\/alimentaciometropolitana\/wp-json\/wp\/v2\/posts\/192"}],"collection":[{"href":"https:\/\/blogs.amb.cat\/alimentaciometropolitana\/wp-json\/wp\/v2\/posts"}],"about":[{"href":"https:\/\/blogs.amb.cat\/alimentaciometropolitana\/wp-json\/wp\/v2\/types\/post"}],"author":[{"embeddable":true,"href":"https:\/\/blogs.amb.cat\/alimentaciometropolitana\/wp-json\/wp\/v2\/users\/38"}],"replies":[{"embeddable":true,"href":"https:\/\/blogs.amb.cat\/alimentaciometropolitana\/wp-json\/wp\/v2\/comments?post=192"}],"version-history":[{"count":2,"href":"https:\/\/blogs.amb.cat\/alimentaciometropolitana\/wp-json\/wp\/v2\/posts\/192\/revisions"}],"predecessor-version":[{"id":195,"href":"https:\/\/blogs.amb.cat\/alimentaciometropolitana\/wp-json\/wp\/v2\/posts\/192\/revisions\/195"}],"wp:featuredmedia":[{"embeddable":true,"href":"https:\/\/blogs.amb.cat\/alimentaciometropolitana\/wp-json\/wp\/v2\/media\/194"}],"wp:attachment":[{"href":"https:\/\/blogs.amb.cat\/alimentaciometropolitana\/wp-json\/wp\/v2\/media?parent=192"}],"wp:term":[{"taxonomy":"category","embeddable":true,"href":"https:\/\/blogs.amb.cat\/alimentaciometropolitana\/wp-json\/wp\/v2\/categories?post=192"},{"taxonomy":"post_tag","embeddable":true,"href":"https:\/\/blogs.amb.cat\/alimentaciometropolitana\/wp-json\/wp\/v2\/tags?post=192"}],"curies":[{"name":"wp","href":"https:\/\/api.w.org\/{rel}","templated":true}]}}