
 







{"id":197,"date":"2021-06-21T13:00:00","date_gmt":"2021-06-21T11:00:00","guid":{"rendered":"https:\/\/blogs.amb.cat\/alimentaciometropolitana\/?p=197"},"modified":"2021-06-28T08:45:36","modified_gmt":"2021-06-28T06:45:36","slug":"alimentar-el-mon-te-premi","status":"publish","type":"post","link":"https:\/\/blogs.amb.cat\/alimentaciometropolitana\/2021\/06\/21\/alimentar-el-mon-te-premi\/","title":{"rendered":"Alimentar el M\u00f3n t\u00e9 premi"},"content":{"rendered":"\n<p class=\"has-medium-font-size\">El col\u00b7legi d\u2019Enginyers Agr\u00f2noms de Catalunya busca projectes que promoguin el desenvolupament sostenible en el sector agroalimentari<\/p>\n\n\n\n<p>Amb l\u2019objectiu de fomentar la <strong>sostenibilitat<\/strong> mediambiental, econ\u00f2mica i social dins el sector agroalimentari, el <a href=\"https:\/\/www.agronoms.cat\" target=\"_blank\" rel=\"noreferrer noopener\"><strong>Col\u00b7legi d\u2019Enginyers Agr\u00f2noms de Catalunya<\/strong><\/a><strong> <\/strong>(COEAC) amb el suport de la <strong>Caixa d\u2019Enginyers<\/strong>, convoca la segona edici\u00f3 del <strong>Premi Alimentem el M\u00f3n<\/strong>. Els projectes presentats han d\u2019afavorir l\u2019\u00e0mbit territorial que compr\u00e8n el COEAC i es podran presentar fins al <strong>10 d\u2019octubre<\/strong>.&nbsp;<\/p>\n\n\n\n<p>El guard\u00f3, valorat en <strong>1.000\u20ac<\/strong>, va dirigit a tota empresa, entitat o professional que treballi per afavorir la sostenibilitat dins el sector agroalimentari i vol recon\u00e8ixer el talent d\u2019aquells actors que s\u2019esforcen per assolir un model de producci\u00f3 aliment\u00e0ria m\u00e9s eficient. \u00c9s a dir, un model que faci front als <strong>nous reptes del sector<\/strong>, com els nous h\u00e0bits i les prefer\u00e8ncies de les consumidores.<\/p>\n\n\n\n<p>El <strong>II Premi Alimentem el M\u00f3n<\/strong> se centra en l\u2019\u00e0mbit de l\u2019alimentaci\u00f3, per\u00f2 va m\u00e9s enll\u00e0 i distingir\u00e0 les iniciatives vinculades als <strong>objectius de desenvolupament sostenible (ODS)<\/strong>: l\u2019\u00fas d\u2019energies renovables, el desenvolupament rural, el foment de la innovaci\u00f3 i les infraestructures resistents, el manteniment de la biodiversitat, la igualtat de g\u00e8nere\u2026&nbsp;<\/p>\n\n\n\n<p>Amb la celebraci\u00f3 del guard\u00f3, el Col\u00b7legi d\u2019Enginyers Agr\u00f2noms vol potenciar la innovaci\u00f3 en aquest \u00e0mbit perqu\u00e8 encaixi d\u2019acord amb les expectatives de futur.<\/p>\n\n\n\n<p>Per a m\u00e9s informaci\u00f3, consulteu les bases a <a href=\"https:\/\/www.agronoms.cat\/general\/convocatoria-premi-alimentem-el-mon\/\" target=\"_blank\" rel=\"noreferrer noopener\">agronoms.cat&nbsp;<\/a><\/p>\n","protected":false},"excerpt":{"rendered":"<p>El col\u00b7legi d\u2019Enginyers Agr\u00f2noms de Catalunya busca projectes que promoguin el desenvolupament sostenible en el sector agroalimentari Amb l\u2019objectiu de fomentar la sostenibilitat mediambiental, econ\u00f2mica i social dins el sector agroalimentari, el Col\u00b7legi d\u2019Enginyers Agr\u00f2noms de Catalunya (COEAC) amb el suport de la Caixa d\u2019Enginyers, convoca la segona edici\u00f3 del Premi Alimentem el M\u00f3n. Els [&hellip;]<\/p>\n","protected":false},"author":39,"featured_media":201,"comment_status":"closed","ping_status":"open","sticky":false,"template":"","format":"standard","meta":{"_oasis_is_in_workflow":0,"_oasis_original":0,"ngg_post_thumbnail":0},"categories":[1],"tags":[55,30,82],"_links":{"self":[{"href":"https:\/\/blogs.amb.cat\/alimentaciometropolitana\/wp-json\/wp\/v2\/posts\/197"}],"collection":[{"href":"https:\/\/blogs.amb.cat\/alimentaciometropolitana\/wp-json\/wp\/v2\/posts"}],"about":[{"href":"https:\/\/blogs.amb.cat\/alimentaciometropolitana\/wp-json\/wp\/v2\/types\/post"}],"author":[{"embeddable":true,"href":"https:\/\/blogs.amb.cat\/alimentaciometropolitana\/wp-json\/wp\/v2\/users\/39"}],"replies":[{"embeddable":true,"href":"https:\/\/blogs.amb.cat\/alimentaciometropolitana\/wp-json\/wp\/v2\/comments?post=197"}],"version-history":[{"count":2,"href":"https:\/\/blogs.amb.cat\/alimentaciometropolitana\/wp-json\/wp\/v2\/posts\/197\/revisions"}],"predecessor-version":[{"id":202,"href":"https:\/\/blogs.amb.cat\/alimentaciometropolitana\/wp-json\/wp\/v2\/posts\/197\/revisions\/202"}],"wp:featuredmedia":[{"embeddable":true,"href":"https:\/\/blogs.amb.cat\/alimentaciometropolitana\/wp-json\/wp\/v2\/media\/201"}],"wp:attachment":[{"href":"https:\/\/blogs.amb.cat\/alimentaciometropolitana\/wp-json\/wp\/v2\/media?parent=197"}],"wp:term":[{"taxonomy":"category","embeddable":true,"href":"https:\/\/blogs.amb.cat\/alimentaciometropolitana\/wp-json\/wp\/v2\/categories?post=197"},{"taxonomy":"post_tag","embeddable":true,"href":"https:\/\/blogs.amb.cat\/alimentaciometropolitana\/wp-json\/wp\/v2\/tags?post=197"}],"curies":[{"name":"wp","href":"https:\/\/api.w.org\/{rel}","templated":true}]}}