
 







{"id":219,"date":"2021-07-06T10:12:52","date_gmt":"2021-07-06T08:12:52","guid":{"rendered":"https:\/\/blogs.amb.cat\/alimentaciometropolitana\/?p=219"},"modified":"2021-07-06T10:12:52","modified_gmt":"2021-07-06T08:12:52","slug":"jornada-de-presentacio-de-lespai-test-agrari","status":"publish","type":"post","link":"https:\/\/blogs.amb.cat\/alimentaciometropolitana\/2021\/07\/06\/jornada-de-presentacio-de-lespai-test-agrari\/","title":{"rendered":"Jornada de presentaci\u00f3 de l\u2019Espai Test Agrari"},"content":{"rendered":"\n<p class=\"has-medium-font-size\">A Sant Vicen\u00e7 dels Horts<\/p>\n\n\n\n<p>Dijous 8 de juliol es presenta l\u2019<strong>Espai Test Agrari <\/strong>de <strong>Sant Vicen\u00e7 dels Horts<\/strong>, un projecte innovador que promou la <strong>incorporaci\u00f3 de nova pagesia al sector agrari local.<\/strong><\/p>\n\n\n\n<p>L\u2019acte comen\u00e7ar\u00e0 a les 18.30h a l\u2019auditori del Mol\u00ed dels frares amb la benvinguda per part de <strong>Xavier G\u00f3mez<\/strong>, regidor d\u2019Agricultura de l&#8217;Ajuntament de Sant Vicen\u00e7 dels Horts. <strong>Laura Meg\u00edas<\/strong>, t\u00e8cnica de l\u2019Associaci\u00f3 d\u2019Iniciatives Rural de Catalunya, far\u00e0 una explicaci\u00f3 sobre \u2018Els espais test agraris, una aposta per al relleu generacional al sector agrari\u2019; a continuaci\u00f3 tindr\u00e0 lloc una taula rodona amb les entitats que participen al projecte (entre les quals, l\u2019AMB); despr\u00e9s es presentar\u00e0 l\u2019espai pr\u00f2piament dit i finalment l\u2019alcalde de Sant Vicen\u00e7, <strong>Miguel Comino<\/strong>, clour\u00e0 la jornada.<\/p>\n\n\n\n<p>L\u2019assist\u00e8ncia \u00e9s gratu\u00efta i oberta a tothom, per\u00f2 cal <strong>inscripci\u00f3 pr\u00e8via <a rel=\"noreferrer noopener\" href=\"https:\/\/docs.google.com\/forms\/d\/e\/1FAIpQLSfH5UKGhP-f4vPV-w9HuT2ARjmOJFajxxnUFtLpQz2OavaopQ\/viewform\" target=\"_blank\">aqu\u00ed<\/a>.<\/strong><\/p>\n","protected":false},"excerpt":{"rendered":"<p>A Sant Vicen\u00e7 dels Horts Dijous 8 de juliol es presenta l\u2019Espai Test Agrari de Sant Vicen\u00e7 dels Horts, un projecte innovador que promou la incorporaci\u00f3 de nova pagesia al sector agrari local. L\u2019acte comen\u00e7ar\u00e0 a les 18.30h a l\u2019auditori del Mol\u00ed dels frares amb la benvinguda per part de Xavier G\u00f3mez, regidor d\u2019Agricultura de [&hellip;]<\/p>\n","protected":false},"author":39,"featured_media":222,"comment_status":"closed","ping_status":"open","sticky":false,"template":"","format":"standard","meta":{"_oasis_is_in_workflow":0,"_oasis_original":0,"ngg_post_thumbnail":0},"categories":[1],"tags":[34,55,7,32],"_links":{"self":[{"href":"https:\/\/blogs.amb.cat\/alimentaciometropolitana\/wp-json\/wp\/v2\/posts\/219"}],"collection":[{"href":"https:\/\/blogs.amb.cat\/alimentaciometropolitana\/wp-json\/wp\/v2\/posts"}],"about":[{"href":"https:\/\/blogs.amb.cat\/alimentaciometropolitana\/wp-json\/wp\/v2\/types\/post"}],"author":[{"embeddable":true,"href":"https:\/\/blogs.amb.cat\/alimentaciometropolitana\/wp-json\/wp\/v2\/users\/39"}],"replies":[{"embeddable":true,"href":"https:\/\/blogs.amb.cat\/alimentaciometropolitana\/wp-json\/wp\/v2\/comments?post=219"}],"version-history":[{"count":1,"href":"https:\/\/blogs.amb.cat\/alimentaciometropolitana\/wp-json\/wp\/v2\/posts\/219\/revisions"}],"predecessor-version":[{"id":221,"href":"https:\/\/blogs.amb.cat\/alimentaciometropolitana\/wp-json\/wp\/v2\/posts\/219\/revisions\/221"}],"wp:featuredmedia":[{"embeddable":true,"href":"https:\/\/blogs.amb.cat\/alimentaciometropolitana\/wp-json\/wp\/v2\/media\/222"}],"wp:attachment":[{"href":"https:\/\/blogs.amb.cat\/alimentaciometropolitana\/wp-json\/wp\/v2\/media?parent=219"}],"wp:term":[{"taxonomy":"category","embeddable":true,"href":"https:\/\/blogs.amb.cat\/alimentaciometropolitana\/wp-json\/wp\/v2\/categories?post=219"},{"taxonomy":"post_tag","embeddable":true,"href":"https:\/\/blogs.amb.cat\/alimentaciometropolitana\/wp-json\/wp\/v2\/tags?post=219"}],"curies":[{"name":"wp","href":"https:\/\/api.w.org\/{rel}","templated":true}]}}