
 







{"id":25,"date":"2021-05-10T10:42:00","date_gmt":"2021-05-10T08:42:00","guid":{"rendered":"https:\/\/blogs.amb.cat\/alimentaciometropolitana\/?p=25"},"modified":"2021-05-12T23:35:18","modified_gmt":"2021-05-12T21:35:18","slug":"primera-edicio-de-les-48h-dagricultura-i-verd-urba","status":"publish","type":"post","link":"https:\/\/blogs.amb.cat\/alimentaciometropolitana\/2021\/05\/10\/primera-edicio-de-les-48h-dagricultura-i-verd-urba\/","title":{"rendered":"Primera edici\u00f3 de Les 48h d\u2019agricultura i verd urb\u00e0"},"content":{"rendered":"\n<p class=\"has-medium-font-size\">Els dies 29 i 30 de maig Barcelona donar\u00e0 a con\u00e8ixer la seva oferta de ciutat agroverda<\/p>\n\n\n\n<p>Terrats verds, horts als balcons, jardins verticals, els parcs de la ciutat\u2026 Sabr\u00edeu enumerar tota l\u2019oferta verda i sostenible de la ciutat de Barcelona? Si no us en sortiu, els dies 29 i 30 de maig un nou esdeveniment us facilitar\u00e0 el recompte: arriba <a href=\"https:\/\/les48h.cat\/\" target=\"_blank\" rel=\"noreferrer noopener\">Les 48h<\/a>, dos dies de debats en l\u00ednia, tallers i visites organitzades per con\u00e8ixer la Barcelona m\u00e9s lligada a la terra.<\/p>\n\n\n\n<p>Entre les activitats que ja es poden reservar hi podeu trobar visites a horts com els de Can Mestres, Can Cadena o el d\u2019en Queni sense sortir de Barcelona, aix\u00ed com tallers per fer planter, fer conreus aerop\u00f2nics o iniciar un hort al balc\u00f3, entre molts d\u2019altres.<\/p>\n\n\n\n<p>I des de l\u2019ordinador es podran seguir les xerrades sobre hivernacles, els pioners dels horts als balcons, noves tecnologies de conreus urbans o vies per comercialitzar l\u2019agricultura urbana, tamb\u00e9 entre d\u2019altres.<\/p>\n\n\n\n<p>Els municipis de Montcada i Reixac i Santa Coloma de Gramenet tamb\u00e9 formen part de Les 48h, amb diverses visites per con\u00e8ixer l\u2019agricultura periurbana, la que es dur a terme als voltants de la Ciutat comtal. Hi haur\u00e0 portes obertes per saber en qu\u00e8 consisteix l\u2019agricultura vertical, visitar una vinya o un centre d\u2019innovaci\u00f3 de tecnologies verdes.<\/p>\n","protected":false},"excerpt":{"rendered":"<p>Els dies 29 i 30 de maig Barcelona donar\u00e0 a con\u00e8ixer la seva oferta de ciutat agroverda Terrats verds, horts als balcons, jardins verticals, els parcs de la ciutat\u2026 Sabr\u00edeu enumerar tota l\u2019oferta verda i sostenible de la ciutat de Barcelona? Si no us en sortiu, els dies 29 i 30 de maig un nou [&hellip;]<\/p>\n","protected":false},"author":38,"featured_media":31,"comment_status":"closed","ping_status":"open","sticky":false,"template":"","format":"standard","meta":{"_oasis_is_in_workflow":0,"_oasis_original":0,"ngg_post_thumbnail":0},"categories":[1],"tags":[10,4,5,6],"_links":{"self":[{"href":"https:\/\/blogs.amb.cat\/alimentaciometropolitana\/wp-json\/wp\/v2\/posts\/25"}],"collection":[{"href":"https:\/\/blogs.amb.cat\/alimentaciometropolitana\/wp-json\/wp\/v2\/posts"}],"about":[{"href":"https:\/\/blogs.amb.cat\/alimentaciometropolitana\/wp-json\/wp\/v2\/types\/post"}],"author":[{"embeddable":true,"href":"https:\/\/blogs.amb.cat\/alimentaciometropolitana\/wp-json\/wp\/v2\/users\/38"}],"replies":[{"embeddable":true,"href":"https:\/\/blogs.amb.cat\/alimentaciometropolitana\/wp-json\/wp\/v2\/comments?post=25"}],"version-history":[{"count":5,"href":"https:\/\/blogs.amb.cat\/alimentaciometropolitana\/wp-json\/wp\/v2\/posts\/25\/revisions"}],"predecessor-version":[{"id":43,"href":"https:\/\/blogs.amb.cat\/alimentaciometropolitana\/wp-json\/wp\/v2\/posts\/25\/revisions\/43"}],"wp:featuredmedia":[{"embeddable":true,"href":"https:\/\/blogs.amb.cat\/alimentaciometropolitana\/wp-json\/wp\/v2\/media\/31"}],"wp:attachment":[{"href":"https:\/\/blogs.amb.cat\/alimentaciometropolitana\/wp-json\/wp\/v2\/media?parent=25"}],"wp:term":[{"taxonomy":"category","embeddable":true,"href":"https:\/\/blogs.amb.cat\/alimentaciometropolitana\/wp-json\/wp\/v2\/categories?post=25"},{"taxonomy":"post_tag","embeddable":true,"href":"https:\/\/blogs.amb.cat\/alimentaciometropolitana\/wp-json\/wp\/v2\/tags?post=25"}],"curies":[{"name":"wp","href":"https:\/\/api.w.org\/{rel}","templated":true}]}}