
 







{"id":274,"date":"2021-07-14T10:12:00","date_gmt":"2021-07-14T08:12:00","guid":{"rendered":"https:\/\/blogs.amb.cat\/alimentaciometropolitana\/?p=274"},"modified":"2021-07-16T14:32:42","modified_gmt":"2021-07-16T12:32:42","slug":"lamb-promou-la-revitalitzacio-del-sector-agrari-de-sant-vicenc-dels-horts-financant-el-projecte-espai-test-agrari","status":"publish","type":"post","link":"https:\/\/blogs.amb.cat\/alimentaciometropolitana\/2021\/07\/14\/lamb-promou-la-revitalitzacio-del-sector-agrari-de-sant-vicenc-dels-horts-financant-el-projecte-espai-test-agrari\/","title":{"rendered":"L\u2019AMB promou la revitalitzaci\u00f3 del sector agrari de Sant Vicen\u00e7 dels Horts finan\u00e7ant el projecte Espai Test Agrari"},"content":{"rendered":"\n<p class=\"has-medium-font-size\">Les persones interessades a treballar professionalment en l\u2019\u00e0mbit de l\u2019agricultura poden presentar-hi els projectes per optar temporalment a un terreny del municipi on posar-la en pr\u00e0ctica<\/p>\n\n\n\n<p>Amb l\u2019objectiu de dinamitzar el sector agr\u00edcola local i fomentar la incorporaci\u00f3 de la nova pagesia, l\u2019Ajuntament de Sant Vicen\u00e7 dels Horts posa en marxa el projecte<strong> <a href=\"https:\/\/svh.cat\/municipi\/per-temes\/promocio-economica-i-de-la-ciutat\/agricultura\/espai-test-agrari\/\" target=\"_blank\" rel=\"noreferrer noopener\">Espai Test Agrari<\/a>.<\/strong> Un camp de titularitat municipal es posa a disposici\u00f3 de persones emprenedores per desenvolupar-hi projectes innovadors i promoure, aix\u00ed, el relleu generacional a l\u2019\u00e0mbit agrari.<\/p>\n\n\n\n<p>Aquesta iniciativa promou la <strong>incorporaci\u00f3 progressiva de nova pagesia<\/strong> i ofereix l\u2019oportunitat de posar en pr\u00e0ctica i testar nous projectes agraris, alhora que els dona el suport integral necessari per desenvolupar-los. El consistori far\u00e0 un proc\u00e9s de selecci\u00f3 de nous projectes agraris que vulguin formar part de l\u2019Espai Test Agrari -presentats per persones que no hagin estat pr\u00e8viament titulars d\u2019explotacions agr\u00e0ries, amb una m\u00ednima experi\u00e8ncia i\/o formaci\u00f3 en l\u2019\u00e0mbit agrari i un projecte s\u00f2lid-, <strong>se\u2019ls oferir\u00e0 un terreny on desenvolupar-los, formaci\u00f3, assessorament i\u00a0 seguiment per part de pagesia professional en actiu.<\/strong><\/p>\n\n\n\n<p style=\"font-size:24px\"><strong><span style=\"color:#039160\" class=\"has-inline-color\">____________________________________________________________________________________<\/span><\/strong><\/p>\n\n\n\n<p class=\"has-text-align-center\" style=\"font-size:24px\"><strong><em>&#8220;La iniciativa rep el finan\u00e7ament de l\u2019AMB i la Diputaci\u00f3 i compta amb el suport del Consorci del Parc Agrari del Baix Llobregat, el Consell Comarcal del Baix Llobregat, la Uni\u00f3 de Pagesos i l\u2019Associaci\u00f3 d\u2019Iniciatives Rurals<\/em>&#8220;<\/strong><\/p>\n\n\n\n<p style=\"font-size:24px\"><strong><span style=\"color:#039160\" class=\"has-inline-color\">____________________________________________________________________________________<\/span><\/strong><\/p>\n\n\n\n<p><span class=\"has-inline-color has-white-color\">hgh<\/span><\/p>\n\n\n\n<p>Aquest projecte est\u00e0 pensat principalment per a persones que no venen de tradici\u00f3 pagesa (nova pagesia), i que per aquesta condici\u00f3 tenen certes dificultats per accedir a un terreny agr\u00edcola, al coneixement tradicional i a l&#8217;assessorament necessari per posar en marxa el seu projecte. Compta amb el suport del <strong>Consorci del Parc Agrari del Baix Llobregat, el Consell Comarcal del Baix Llobregat, Uni\u00f3 de Pagesos<\/strong> i l\u2019<strong>Associaci\u00f3 d\u2019Iniciatives Rurals de Catalunya (ARCA)<\/strong>, amb qui s\u2019ha signat un conveni de col\u00b7laboraci\u00f3 i promoci\u00f3 del projecte. A banda, tamb\u00e9 rep el finan\u00e7ament de l&#8217;<strong>\u00c0rea Metropolitana de Barcelona (AMB) i la Diputaci\u00f3 de Barcelona.<\/strong><\/p>\n\n\n\n<p><span class=\"has-inline-color has-white-color\">fgfgfg<\/span><\/p>\n\n\n\n<figure class=\"wp-block-image size-large\"><img width=\"1024\" height=\"683\" src=\"https:\/\/blogs.amb.cat\/alimentaciometropolitana\/wp-content\/uploads\/sites\/14\/2021\/07\/raimon-roda-1024x683.jpeg\" alt=\"\" class=\"wp-image-276\" srcset=\"https:\/\/blogs.amb.cat\/alimentaciometropolitana\/wp-content\/uploads\/sites\/14\/2021\/07\/raimon-roda-1024x683.jpeg 1024w, https:\/\/blogs.amb.cat\/alimentaciometropolitana\/wp-content\/uploads\/sites\/14\/2021\/07\/raimon-roda-300x200.jpeg 300w, https:\/\/blogs.amb.cat\/alimentaciometropolitana\/wp-content\/uploads\/sites\/14\/2021\/07\/raimon-roda-768x512.jpeg 768w, https:\/\/blogs.amb.cat\/alimentaciometropolitana\/wp-content\/uploads\/sites\/14\/2021\/07\/raimon-roda-1536x1024.jpeg 1536w, https:\/\/blogs.amb.cat\/alimentaciometropolitana\/wp-content\/uploads\/sites\/14\/2021\/07\/raimon-roda.jpeg 2048w\" sizes=\"(max-width: 1024px) 100vw, 1024px\" \/><\/figure>\n\n\n\n<p><span class=\"has-inline-color has-white-color\">fgfgf<\/span><\/p>\n\n\n\n<p><strong>Impulsar el territori i el sector agrari local<\/strong><br><strong>Montserrat Ballar\u00edn<\/strong>, vicepresidenta de l\u2019<strong>\u00c0rea de Desenvolupament Social i Econ\u00f2mic de l\u2019AMB<\/strong>, apunta que \u201cl&#8217;AMB va aprovar fa pocs mesos el<strong><a rel=\"noreferrer noopener\" href=\"https:\/\/blogs.amb.cat\/alimentaciometropolitana\/2021\/04\/09\/lamb-presenta-el-pla-daccio-per-a-lalimentacio-sostenible\/\" target=\"_blank\"> Pla d&#8217;Acci\u00f3 per a l&#8217;Alimentaci\u00f3 Sostenible<\/a> <\/strong>per impulsar les pol\u00edtiques aliment\u00e0ries metropolitanes; de la mateixa manera, estem desenvolupant un seguit d&#8217;accions i projectes en el marc de la Capitalitat de l&#8217;Alimentaci\u00f3 Sostenible que enguany acull Barcelona.\u00a0En aquest context, el suport a una iniciativa pionera a Catalunya com \u00e9s l&#8217;Espai Test, orientada a impulsar l&#8217;emprenedoria agr\u00edcola, el relleu generacional i la lluita contra l&#8217;abandonament de terres, adquireix encara m\u00e9s rellev\u00e0ncia per a la construcci\u00f3 d&#8217;un sistema alimentari metropolit\u00e0 m\u00e9s sostenible, m\u00e9s just i m\u00e9s competitiu.\u201d<\/p>\n\n\n\n<p><span class=\"has-inline-color has-white-color\">jhjh<\/span><\/p>\n\n\n\n<figure class=\"wp-block-image size-large\"><img width=\"1024\" height=\"683\" src=\"https:\/\/blogs.amb.cat\/alimentaciometropolitana\/wp-content\/uploads\/sites\/14\/2021\/07\/raimon-roda-2-1024x683.jpeg\" alt=\"\" class=\"wp-image-283\" srcset=\"https:\/\/blogs.amb.cat\/alimentaciometropolitana\/wp-content\/uploads\/sites\/14\/2021\/07\/raimon-roda-2-1024x683.jpeg 1024w, https:\/\/blogs.amb.cat\/alimentaciometropolitana\/wp-content\/uploads\/sites\/14\/2021\/07\/raimon-roda-2-300x200.jpeg 300w, https:\/\/blogs.amb.cat\/alimentaciometropolitana\/wp-content\/uploads\/sites\/14\/2021\/07\/raimon-roda-2-768x512.jpeg 768w, https:\/\/blogs.amb.cat\/alimentaciometropolitana\/wp-content\/uploads\/sites\/14\/2021\/07\/raimon-roda-2-1536x1024.jpeg 1536w, https:\/\/blogs.amb.cat\/alimentaciometropolitana\/wp-content\/uploads\/sites\/14\/2021\/07\/raimon-roda-2.jpeg 2048w\" sizes=\"(max-width: 1024px) 100vw, 1024px\" \/><\/figure>\n\n\n\n<p><span class=\"has-inline-color has-white-color\">hah<\/span><\/p>\n\n\n\n<p>Les persones usu\u00e0ries comptaran amb assessorament i suport al llarg de tot el proc\u00e9s de posada en marxa i desenvolupament del seu projecte agrari per assolir-ne l\u2019\u00e8xit. El suport integral s&#8217;estructurar\u00e0 en els \u00e0mbits seg\u00fcents:<\/p>\n\n\n\n<ul><li><strong>Formaci\u00f3<\/strong>: en funci\u00f3 de la traject\u00f2ria formativa i experi\u00e8ncia de cada una de les persones usu\u00e0ries es proposar\u00e0 un itinerari formatiu individualitzat. La formaci\u00f3 es dur\u00e0 a terme en diversos \u00e0mbits (agr\u00f2nom, gesti\u00f3 empresarial, m\u00e0rqueting, digitalitzaci\u00f3, etc.) amb l&#8217;objectiu de donar una visi\u00f3 de conjunt sobre el sector i la gesti\u00f3 d&#8217;una explotaci\u00f3 agr\u00e0ria.<br>\u00a0<\/li><li><strong>Assessorament<\/strong>: les persones usu\u00e0ries rebran assessorament t\u00e8cnic qualificat en l&#8217;\u00e0mbit agr\u00f2nom, gesti\u00f3 empresarial, gesti\u00f3 de l&#8217;explotaci\u00f3 i comercialitzaci\u00f3 del producte.<br>\u00a0<\/li><li><strong>Acompanyament<\/strong>: les persones usu\u00e0ries tindran una persona de refer\u00e8ncia (tutor\/a), encarregada de fer el seguiment del projecte, la implementaci\u00f3 a l&#8217;Espai Test Agrari i l&#8217;avaluaci\u00f3, conjuntament amb la persona usu\u00e0ria, per millorar el projecte, i si s&#8217;escau, introduir-hi modificacions. En finalitzar el per\u00edode a l&#8217;Espai Test Agrari, el\/la tutor\/a vetllar\u00e0, si aix\u00ed ho sol\u00b7liciten les persones usu\u00e0ries, per la cerca d\u2019una finca on fer-hi la incorporaci\u00f3 definitiva al sector.<br>\u00a0<\/li><li><strong>Tutoria<\/strong>: A banda, les persones usu\u00e0ries de l&#8217;Espai Test Agrari tamb\u00e9 tindran un\/a pag\u00e8s\/sa local de refer\u00e8ncia, que li traslladar\u00e0 el coneixement tradicional del maneig i les t\u00e8cniques de cultiu<\/li><\/ul>\n\n\n\n<p><span class=\"has-inline-color has-white-color\">fgfg<\/span><\/p>\n\n\n\n<div class=\"wp-block-image\"><figure class=\"aligncenter size-large is-resized\"><img src=\"https:\/\/blogs.amb.cat\/alimentaciometropolitana\/wp-content\/uploads\/sites\/14\/2021\/07\/foto-espaitest-blog-1024x1024.jpg\" alt=\"\" class=\"wp-image-280\" width=\"667\" height=\"667\" srcset=\"https:\/\/blogs.amb.cat\/alimentaciometropolitana\/wp-content\/uploads\/sites\/14\/2021\/07\/foto-espaitest-blog-1024x1024.jpg 1024w, https:\/\/blogs.amb.cat\/alimentaciometropolitana\/wp-content\/uploads\/sites\/14\/2021\/07\/foto-espaitest-blog-300x300.jpg 300w, https:\/\/blogs.amb.cat\/alimentaciometropolitana\/wp-content\/uploads\/sites\/14\/2021\/07\/foto-espaitest-blog-150x150.jpg 150w, https:\/\/blogs.amb.cat\/alimentaciometropolitana\/wp-content\/uploads\/sites\/14\/2021\/07\/foto-espaitest-blog-768x768.jpg 768w, https:\/\/blogs.amb.cat\/alimentaciometropolitana\/wp-content\/uploads\/sites\/14\/2021\/07\/foto-espaitest-blog-1536x1536.jpg 1536w, https:\/\/blogs.amb.cat\/alimentaciometropolitana\/wp-content\/uploads\/sites\/14\/2021\/07\/foto-espaitest-blog-2048x2048.jpg 2048w\" sizes=\"(max-width: 667px) 100vw, 667px\" \/><\/figure><\/div>\n","protected":false},"excerpt":{"rendered":"<p>Les persones interessades a treballar professionalment en l\u2019\u00e0mbit de l\u2019agricultura poden presentar-hi els projectes per optar temporalment a un terreny del municipi on posar-la en pr\u00e0ctica Amb l\u2019objectiu de dinamitzar el sector agr\u00edcola local i fomentar la incorporaci\u00f3 de la nova pagesia, l\u2019Ajuntament de Sant Vicen\u00e7 dels Horts posa en marxa el projecte Espai Test [&hellip;]<\/p>\n","protected":false},"author":39,"featured_media":281,"comment_status":"closed","ping_status":"open","sticky":false,"template":"","format":"standard","meta":{"_oasis_is_in_workflow":0,"_oasis_original":0,"ngg_post_thumbnail":0},"categories":[1],"tags":[34,13,55,7,32],"_links":{"self":[{"href":"https:\/\/blogs.amb.cat\/alimentaciometropolitana\/wp-json\/wp\/v2\/posts\/274"}],"collection":[{"href":"https:\/\/blogs.amb.cat\/alimentaciometropolitana\/wp-json\/wp\/v2\/posts"}],"about":[{"href":"https:\/\/blogs.amb.cat\/alimentaciometropolitana\/wp-json\/wp\/v2\/types\/post"}],"author":[{"embeddable":true,"href":"https:\/\/blogs.amb.cat\/alimentaciometropolitana\/wp-json\/wp\/v2\/users\/39"}],"replies":[{"embeddable":true,"href":"https:\/\/blogs.amb.cat\/alimentaciometropolitana\/wp-json\/wp\/v2\/comments?post=274"}],"version-history":[{"count":6,"href":"https:\/\/blogs.amb.cat\/alimentaciometropolitana\/wp-json\/wp\/v2\/posts\/274\/revisions"}],"predecessor-version":[{"id":316,"href":"https:\/\/blogs.amb.cat\/alimentaciometropolitana\/wp-json\/wp\/v2\/posts\/274\/revisions\/316"}],"wp:featuredmedia":[{"embeddable":true,"href":"https:\/\/blogs.amb.cat\/alimentaciometropolitana\/wp-json\/wp\/v2\/media\/281"}],"wp:attachment":[{"href":"https:\/\/blogs.amb.cat\/alimentaciometropolitana\/wp-json\/wp\/v2\/media?parent=274"}],"wp:term":[{"taxonomy":"category","embeddable":true,"href":"https:\/\/blogs.amb.cat\/alimentaciometropolitana\/wp-json\/wp\/v2\/categories?post=274"},{"taxonomy":"post_tag","embeddable":true,"href":"https:\/\/blogs.amb.cat\/alimentaciometropolitana\/wp-json\/wp\/v2\/tags?post=274"}],"curies":[{"name":"wp","href":"https:\/\/api.w.org\/{rel}","templated":true}]}}