
 







{"id":299,"date":"2021-07-12T11:17:00","date_gmt":"2021-07-12T09:17:00","guid":{"rendered":"https:\/\/blogs.amb.cat\/alimentaciometropolitana\/?p=299"},"modified":"2021-07-19T12:31:51","modified_gmt":"2021-07-19T10:31:51","slug":"alimentacio-i-bon-govern-per-a-la-ciutadania","status":"publish","type":"post","link":"https:\/\/blogs.amb.cat\/alimentaciometropolitana\/2021\/07\/12\/alimentacio-i-bon-govern-per-a-la-ciutadania\/","title":{"rendered":"Alimentaci\u00f3 i bon govern per a la ciutadania"},"content":{"rendered":"\n<p><strong>L\u2019Ag\u00e8ncia de Transpar\u00e8ncia de l\u2019AMB organitza una jornada per a promoure les bones pr\u00e0ctiques en mat\u00e8ria d\u2019alimentaci\u00f3 sostenible&nbsp;<\/strong><\/p>\n\n\n\n<p>Davant l\u2019emerg\u00e8ncia de les pol\u00edtiques aliment\u00e0ries i la seva incumb\u00e8ncia per a les administracions locals, l\u2019<a rel=\"noreferrer noopener\" href=\"https:\/\/transparencia.amb.cat\/web\/l-agencia\/l-agencia\" target=\"_blank\">Ag\u00e8ncia de Transpar\u00e8ncia<\/a> de l\u2019\u00c0rea Metropolitana de Barcelona (AMB) celebra aquest <strong>dimecres 14 de juliol a les 9.30 h<\/strong> la jornada virtual <strong>Alimentaci\u00f3 i bon govern per a la ciutadania<\/strong>.<\/p>\n\n\n\n<p>Aquest nou \u00e0mbit tem\u00e0tic, que fins ara no s\u2019abordava de manera espec\u00edfica, obliga les administracions a adaptar-se i plantejar-se tot un seguit de q\u00fcestions relacionades amb el bon govern. Aix\u00ed doncs, l\u2019objectiu d\u2019aquesta jornada \u00e9s el d\u2019avan\u00e7ar cap a una alimentaci\u00f3 bona per a <strong>les persones, els territoris i el planeta<\/strong>, tot convidant a la reflexi\u00f3 i el debat conjunt sobre els aspectes seg\u00fcents:<\/p>\n\n\n\n<ul><li>\u00bfCom es poden generar visions m\u00e9s integradores i transversals que ajudin a entendre el sistema alimentari en el seu conjunt i a diferents escales? \u00bfCom valorar m\u00e9s adequadament els impactes globals de pol\u00edtiques que actuen sobre alguna de les seves dimensions particulars?<\/li><\/ul>\n\n\n\n<ul><li>\u00bfQu\u00e8 poden fer les administracions per coordinar millor les accions que duen a terme els diferents departaments que les componen i com es poden coordinar millor amb administracions d\u2019altres nivells?<\/li><\/ul>\n\n\n\n<ul><li>\u00bfCom es poden gestionar la participaci\u00f3 i el contrast d\u2019interessos dels diversos agents de la cadena de producci\u00f3, transformaci\u00f3, distribuci\u00f3, comercialitzaci\u00f3 i consum? Com es pot gestionar la participaci\u00f3 de la ciutadania no organitzada?<\/li><\/ul>\n\n\n\n<ul><li>Com incorporar la dimensi\u00f3 de g\u00e8nere a les estrat\u00e8gies aliment\u00e0ries?<\/li><\/ul>\n\n\n\n<ul><li>\u00bfCom es pot abordar la q\u00fcesti\u00f3 de la transpar\u00e8ncia des de diferents perspectives (administraci\u00f3, agents econ\u00f2mics del sector alimentari, consumidors&#8230;)?<\/li><\/ul>\n\n\n\n<p>La jornada se celebrar\u00e0 en format virtual, per videoconfer\u00e8ncia, i es demana inscripci\u00f3 pr\u00e8via, at\u00e8s que les places s\u00f3n limitades. Per inscriure\u2019s, cal omplir aquest <a href=\"https:\/\/transparencia.amb.cat\/inscripcio\" target=\"_blank\" rel=\"noreferrer noopener\">formulari<\/a>.&nbsp;<\/p>\n\n\n\n<p>:: <a href=\"https:\/\/blogs.amb.cat\/alimentaciometropolitana\/wp-content\/uploads\/sites\/14\/2021\/07\/Programa_13aJornadaAlimentacioBonGovern_CA.pdf\" target=\"_blank\" rel=\"noreferrer noopener\" data-type=\"URL\" data-id=\"https:\/\/blogs.amb.cat\/alimentaciometropolitana\/wp-content\/uploads\/sites\/14\/2021\/07\/Programa_13aJornadaAlimentacioBonGovern_CA.pdf\">Consulta el programa complet<\/a> ::<\/p>\n","protected":false},"excerpt":{"rendered":"<p>L\u2019Ag\u00e8ncia de Transpar\u00e8ncia de l\u2019AMB organitza una jornada per a promoure les bones pr\u00e0ctiques en mat\u00e8ria d\u2019alimentaci\u00f3 sostenible&nbsp; Davant l\u2019emerg\u00e8ncia de les pol\u00edtiques aliment\u00e0ries i la seva incumb\u00e8ncia per a les administracions locals, l\u2019Ag\u00e8ncia de Transpar\u00e8ncia de l\u2019\u00c0rea Metropolitana de Barcelona (AMB) celebra aquest dimecres 14 de juliol a les 9.30 h la jornada virtual [&hellip;]<\/p>\n","protected":false},"author":39,"featured_media":304,"comment_status":"closed","ping_status":"open","sticky":false,"template":"","format":"standard","meta":{"_oasis_is_in_workflow":0,"_oasis_original":0,"ngg_post_thumbnail":0},"categories":[1],"tags":[54,13,95,72,86,18],"_links":{"self":[{"href":"https:\/\/blogs.amb.cat\/alimentaciometropolitana\/wp-json\/wp\/v2\/posts\/299"}],"collection":[{"href":"https:\/\/blogs.amb.cat\/alimentaciometropolitana\/wp-json\/wp\/v2\/posts"}],"about":[{"href":"https:\/\/blogs.amb.cat\/alimentaciometropolitana\/wp-json\/wp\/v2\/types\/post"}],"author":[{"embeddable":true,"href":"https:\/\/blogs.amb.cat\/alimentaciometropolitana\/wp-json\/wp\/v2\/users\/39"}],"replies":[{"embeddable":true,"href":"https:\/\/blogs.amb.cat\/alimentaciometropolitana\/wp-json\/wp\/v2\/comments?post=299"}],"version-history":[{"count":5,"href":"https:\/\/blogs.amb.cat\/alimentaciometropolitana\/wp-json\/wp\/v2\/posts\/299\/revisions"}],"predecessor-version":[{"id":321,"href":"https:\/\/blogs.amb.cat\/alimentaciometropolitana\/wp-json\/wp\/v2\/posts\/299\/revisions\/321"}],"wp:featuredmedia":[{"embeddable":true,"href":"https:\/\/blogs.amb.cat\/alimentaciometropolitana\/wp-json\/wp\/v2\/media\/304"}],"wp:attachment":[{"href":"https:\/\/blogs.amb.cat\/alimentaciometropolitana\/wp-json\/wp\/v2\/media?parent=299"}],"wp:term":[{"taxonomy":"category","embeddable":true,"href":"https:\/\/blogs.amb.cat\/alimentaciometropolitana\/wp-json\/wp\/v2\/categories?post=299"},{"taxonomy":"post_tag","embeddable":true,"href":"https:\/\/blogs.amb.cat\/alimentaciometropolitana\/wp-json\/wp\/v2\/tags?post=299"}],"curies":[{"name":"wp","href":"https:\/\/api.w.org\/{rel}","templated":true}]}}