
 







{"id":307,"date":"2021-07-16T13:53:00","date_gmt":"2021-07-16T11:53:00","guid":{"rendered":"https:\/\/blogs.amb.cat\/alimentaciometropolitana\/?p=307"},"modified":"2021-08-24T10:39:18","modified_gmt":"2021-08-24T08:39:18","slug":"compartim-un-futur-actuem-en-present","status":"publish","type":"post","link":"https:\/\/blogs.amb.cat\/alimentaciometropolitana\/2021\/07\/16\/compartim-un-futur-actuem-en-present\/","title":{"rendered":"Compartim un futur, actuem en present"},"content":{"rendered":"\n<p class=\"has-medium-font-size\"><br>El Programa metropolit\u00e0 d\u2019educaci\u00f3 ambiental de l\u2019AMB, Compartim un Futur, sensibilitza la ciutadania i la fa c\u00f2mplice en la carrera per salvar el planeta<\/p>\n\n\n\n<p>Compartim un futur, i per aquest motiu ens n\u2019hem de fer responsables, per\u00f2 no sempre sabem com. Malgrat que la consci\u00e8ncia mediambiental creix cada dia, sobretot entre les generacions m\u00e9s joves, encara hi ha molt desconeixement sobre l\u2019impacte de certes pr\u00e0ctiques i activitats sobre el planeta Terra: casa nostra.\u00a0<\/p>\n\n\n\n<p>Aix\u00ed doncs, com podem aprendre a cuidar el nostre territori? Quines accions estan a les nostres mans per tal de revertir la crisi clim\u00e0tica actual i contribuir a un futur m\u00e9s sostenible?&nbsp;<\/p>\n\n\n\n<p>Avui dia a internet podem trobar moltes p\u00e0gines web, <em>posts<\/em> i <em>tips<\/em> que promouen un estil de vida m\u00e9s respectu\u00f3s amb el medi ambient. Una d&#8217;aquestes \u00e9s\u00a0<strong><a rel=\"noreferrer noopener\" href=\"https:\/\/blogs.amb.cat\/educacioambiental\/\" target=\"_blank\" data-type=\"URL\" data-id=\"https:\/\/blogs.amb.cat\/educacioambiental\/\">Compartim un futur<\/a><\/strong>, el <strong>Programa metropolit\u00e0 d\u2019educaci\u00f3 ambiental de l\u2019AMB<\/strong> que aposta per sensibilitzar i educar la ciutadania en mat\u00e8ria mediambiental. Concretament, sobre el canvi clim\u00e0tic, les energies renovables i la salut ambiental.<\/p>\n\n\n\n<p>A <strong>Compartim un futur <\/strong>s\u2019hi poden trobar propostes formatives, visites guiades en entorns naturals, receptes de cuina, treballs manuals per transformar la llar en un espai menys contaminant i assessorament en q\u00fcestions mediambientals. Un conjunt d\u2019eines per fomentar h\u00e0bits sostenibles, promoure el pensament cr\u00edtic i oferir als ciutadans valors necessaris per forjar i fer possible un futur sostenible. A m\u00e9s a m\u00e9s, una gran part del material tamb\u00e9 va dirigit als centres educatius, amb propostes adaptables segons l\u2019edat i fetes a partir de metodologies pedag\u00f2giques experimentals.\u00a0<\/p>\n\n\n\n<p><span class=\"has-inline-color has-white-color\">lk<\/span><strong>Alimentaci\u00f3 sostenible<br><\/strong>De tota l\u2019oferta que es troba a Compartim un futur, destaquem tres propostes sobre alimentaci\u00f3 sostenible:\u00a0<\/p>\n\n\n\n<ul><li><a href=\"https:\/\/blogs.amb.cat\/educacioambiental\/2021\/06\/30\/la-recepta-que-canvia-el-mon\/\"><strong>La recepta que canvia el m\u00f3n<\/strong><\/a> &#8211; \u00c9s una proposta per conscienciar les fam\u00edlies sobre l&#8217;impacte del nostre sistema alimentari, concretament del que generen els residus. Aprendre a cuinar de manera sostenible i evitar el desaprofitament de menjar en bon estat \u00e9s a les nostres mans!<\/li><\/ul>\n\n\n\n<ul><li><a href=\"https:\/\/blogs.amb.cat\/educacioambiental\/2021\/06\/30\/activitat-destacada-stop-malbaratament\/\"><strong>Stop malbaratament!<\/strong><\/a><strong> <\/strong>&#8211; \u00c9s una activitat pensada perqu\u00e8 les alumnes entrin en contacte amb la problem\u00e0tica del malbaratament alimentari (les principals causes i conseq\u00fc\u00e8ncies) i a continuaci\u00f3 proposin solucions creatives. Una manera did\u00e0ctica de demostrar que tots formem part de la soluci\u00f3.<br>\u00a0<\/li><li><a href=\"https:\/\/blogs.amb.cat\/educacioambiental\/2021\/06\/30\/estrenem-aps-sobre-sistema-alimentari-para-el-carro\/\"><strong>ApS sobre sistema alimentari: para el carro!<\/strong><\/a> &#8211; De cara al curs vinent s\u2019engega aquest programa teoricopr\u00e0ctic per a centres educatius del territori metropolit\u00e0, on\u00a0l\u2019alumnat podr\u00e0 con\u00e8ixer les conseq\u00fc\u00e8ncies ambientals derivades de la ind\u00fastria aliment\u00e0ria. Al final del programa, els alumnes hauran de presentar una s\u00e8rie de millores en els h\u00e0bits de consum dels ve\u00efns del seu barri. <\/li><\/ul>\n\n\n\n<p><span class=\"has-inline-color has-white-color\">kj<\/span><\/p>\n\n\n\n<p>:: Per a m\u00e9s informaci\u00f3, podeu consultar la <a rel=\"noreferrer noopener\" href=\"https:\/\/blogs.amb.cat\/educacioambiental\/\" target=\"_blank\" data-type=\"URL\" data-id=\"https:\/\/blogs.amb.cat\/educacioambiental\/\">p\u00e0gina web<\/a> i subscriure-us al seu butllet\u00ed fent clic <a rel=\"noreferrer noopener\" href=\"https:\/\/blogs.amb.cat\/educacioambiental\/#newsletter-blogs\" target=\"_blank\" data-type=\"URL\" data-id=\"https:\/\/blogs.amb.cat\/educacioambiental\/#newsletter-blogs\">aqu\u00ed<\/a> ::<\/p>\n\n\n\n<p><span class=\"has-inline-color has-white-color\">kj<\/span><\/p>\n\n\n\n<div class=\"wp-block-image\"><figure class=\"aligncenter size-large is-resized\"><img src=\"https:\/\/blogs.amb.cat\/alimentaciometropolitana\/wp-content\/uploads\/sites\/14\/2021\/07\/FLETXA_PMES-CompartimFutur-1024x198.png\" alt=\"\" class=\"wp-image-308\" width=\"513\" height=\"99\" srcset=\"https:\/\/blogs.amb.cat\/alimentaciometropolitana\/wp-content\/uploads\/sites\/14\/2021\/07\/FLETXA_PMES-CompartimFutur-1024x198.png 1024w, https:\/\/blogs.amb.cat\/alimentaciometropolitana\/wp-content\/uploads\/sites\/14\/2021\/07\/FLETXA_PMES-CompartimFutur-300x58.png 300w, https:\/\/blogs.amb.cat\/alimentaciometropolitana\/wp-content\/uploads\/sites\/14\/2021\/07\/FLETXA_PMES-CompartimFutur-768x149.png 768w, https:\/\/blogs.amb.cat\/alimentaciometropolitana\/wp-content\/uploads\/sites\/14\/2021\/07\/FLETXA_PMES-CompartimFutur.png 1473w\" sizes=\"(max-width: 513px) 100vw, 513px\" \/><\/figure><\/div>\n\n\n\n<p><\/p>\n","protected":false},"excerpt":{"rendered":"<p>El Programa metropolit\u00e0 d\u2019educaci\u00f3 ambiental de l\u2019AMB, Compartim un Futur, sensibilitza la ciutadania i la fa c\u00f2mplice en la carrera per salvar el planeta Compartim un futur, i per aquest motiu ens n\u2019hem de fer responsables, per\u00f2 no sempre sabem com. Malgrat que la consci\u00e8ncia mediambiental creix cada dia, sobretot entre les generacions m\u00e9s joves, [&hellip;]<\/p>\n","protected":false},"author":39,"featured_media":309,"comment_status":"closed","ping_status":"open","sticky":false,"template":"","format":"standard","meta":{"_oasis_is_in_workflow":0,"_oasis_original":0,"ngg_post_thumbnail":0},"categories":[1],"tags":[14,13,96,23,82],"_links":{"self":[{"href":"https:\/\/blogs.amb.cat\/alimentaciometropolitana\/wp-json\/wp\/v2\/posts\/307"}],"collection":[{"href":"https:\/\/blogs.amb.cat\/alimentaciometropolitana\/wp-json\/wp\/v2\/posts"}],"about":[{"href":"https:\/\/blogs.amb.cat\/alimentaciometropolitana\/wp-json\/wp\/v2\/types\/post"}],"author":[{"embeddable":true,"href":"https:\/\/blogs.amb.cat\/alimentaciometropolitana\/wp-json\/wp\/v2\/users\/39"}],"replies":[{"embeddable":true,"href":"https:\/\/blogs.amb.cat\/alimentaciometropolitana\/wp-json\/wp\/v2\/comments?post=307"}],"version-history":[{"count":6,"href":"https:\/\/blogs.amb.cat\/alimentaciometropolitana\/wp-json\/wp\/v2\/posts\/307\/revisions"}],"predecessor-version":[{"id":323,"href":"https:\/\/blogs.amb.cat\/alimentaciometropolitana\/wp-json\/wp\/v2\/posts\/307\/revisions\/323"}],"wp:featuredmedia":[{"embeddable":true,"href":"https:\/\/blogs.amb.cat\/alimentaciometropolitana\/wp-json\/wp\/v2\/media\/309"}],"wp:attachment":[{"href":"https:\/\/blogs.amb.cat\/alimentaciometropolitana\/wp-json\/wp\/v2\/media?parent=307"}],"wp:term":[{"taxonomy":"category","embeddable":true,"href":"https:\/\/blogs.amb.cat\/alimentaciometropolitana\/wp-json\/wp\/v2\/categories?post=307"},{"taxonomy":"post_tag","embeddable":true,"href":"https:\/\/blogs.amb.cat\/alimentaciometropolitana\/wp-json\/wp\/v2\/tags?post=307"}],"curies":[{"name":"wp","href":"https:\/\/api.w.org\/{rel}","templated":true}]}}