
 







{"id":325,"date":"2021-07-27T09:18:00","date_gmt":"2021-07-27T07:18:00","guid":{"rendered":"https:\/\/blogs.amb.cat\/alimentaciometropolitana\/?p=325"},"modified":"2021-11-25T15:42:41","modified_gmt":"2021-11-25T13:42:41","slug":"lamb-signa-el-pacte-de-mila-2","status":"publish","type":"post","link":"https:\/\/blogs.amb.cat\/alimentaciometropolitana\/2021\/07\/27\/lamb-signa-el-pacte-de-mila-2\/","title":{"rendered":"L\u2019AMB signa el Pacte de Mil\u00e0"},"content":{"rendered":"\n<p class=\"has-medium-font-size\">Aix\u00ed refor\u00e7a el comprom\u00eds amb un sistema alimentari just i sostenible<\/p>\n\n\n\n<p>L\u2019<strong>\u00c0rea Metropolitana de Barcelona<\/strong> ha signat el&nbsp;<strong><a rel=\"noreferrer noopener\" href=\"https:\/\/www.milanurbanfoodpolicypact.org\/the-milan-pact\/\" target=\"_blank\">Pacte de Mil\u00e0<\/a>&nbsp;<\/strong>i aix\u00ed materialitza el comprom\u00eds i l\u2019aposta per un model d<strong>\u2019alimentaci\u00f3 sostenible<\/strong> als municipis que en formen part.<\/p>\n\n\n\n<p>L\u2019acord \u00e9s \u201cm\u00e9s que una declaraci\u00f3, \u00e9s una eina de treball concreta per a les ciutats\u201d, indica al seu lloc web, per implementar pol\u00edtiques aliment\u00e0ries justes, saludables i respectuoses amb l\u2019entorn i les persones. M\u00e9s de 100 ciutats d\u2019arreu del m\u00f3n van signar el pacte l\u2019octubre del 2015 a Mil\u00e0, moment en qu\u00e8 es va crear. La tardor passada s\u2019hi va sumar Barcelona i ara <a rel=\"noreferrer noopener\" href=\"https:\/\/www.amb.cat\/ca\/web\/amb\/actualitat\/sala-de-premsa\/notes-de-premsa\/detall\/-\/notapremsa\/l-amb-s-adhereix-al-pacte-de-mila--la-principal-iniciativa-mundial-per\/11341291\/11696\" data-type=\"URL\" data-id=\"https:\/\/www.amb.cat\/ca\/web\/amb\/actualitat\/sala-de-premsa\/notes-de-premsa\/detall\/-\/notapremsa\/l-amb-s-adhereix-al-pacte-de-mila--la-principal-iniciativa-mundial-per\/11341291\/11696\" target=\"_blank\">\u00e9s el torn de l\u2019AMB<\/a>.<\/p>\n\n\n\n<p>Es tracta d\u2019un marc d\u2019actuaci\u00f3, amb <strong>37 accions recomanades<\/strong> que es distribueixen en sis categories (governan\u00e7a, nutrici\u00f3 i dietes saludables, equitat social i econ\u00f2mica, producci\u00f3 d\u2019aliments, subministrament i distribuci\u00f3 d\u2019aliments i malbaratament alimentari). Cada acci\u00f3 t\u00e9 uns indicadors espec\u00edfics que en monitoritzen el progr\u00e9s d\u2019implantaci\u00f3. I el pacte proposa exemples concrets de pol\u00edtiques aliment\u00e0ries que s\u2019estan aplicant per a cada categoria.<\/p>\n\n\n\n<p>El Secretariat del Pacte de Mil\u00e0 ha manifestat el seu inter\u00e8s en qu\u00e8 l&#8217;<strong>AMB<\/strong> actu\u00ef com a dinamitzadora, al territori metropolit\u00e0, de les activitats promogudes per l\u2019acord tot facilitant la informaci\u00f3 i participaci\u00f3 dels ajuntaments metropolitans que puguin estar-hi interessats. Aquesta proposta inclouria l&#8217;adhesi\u00f3 de l\u2019AMB al Pacte de Mil\u00e0 com a membre de ple dret.<\/p>\n\n\n\n<p>Podeu trobar m\u00e9s informaci\u00f3 concreta <strong>al web del&nbsp;<a rel=\"noreferrer noopener\" href=\"https:\/\/www.milanurbanfoodpolicypact.org\/the-milan-pact\/\" target=\"_blank\">Pacte de Mil\u00e0<\/a>.<\/strong><\/p>\n\n\n\n<div class=\"wp-block-image\"><figure class=\"aligncenter size-large\"><img width=\"233\" height=\"217\" src=\"https:\/\/blogs.amb.cat\/alimentaciometropolitana\/wp-content\/uploads\/sites\/14\/2021\/07\/descarga.png\" alt=\"\" class=\"wp-image-326\" \/><\/figure><\/div>\n\n\n\n<p><\/p>\n","protected":false},"excerpt":{"rendered":"<p>Aix\u00ed refor\u00e7a el comprom\u00eds amb un sistema alimentari just i sostenible L\u2019\u00c0rea Metropolitana de Barcelona ha signat el&nbsp;Pacte de Mil\u00e0&nbsp;i aix\u00ed materialitza el comprom\u00eds i l\u2019aposta per un model d\u2019alimentaci\u00f3 sostenible als municipis que en formen part. L\u2019acord \u00e9s \u201cm\u00e9s que una declaraci\u00f3, \u00e9s una eina de treball concreta per a les ciutats\u201d, indica al [&hellip;]<\/p>\n","protected":false},"author":39,"featured_media":328,"comment_status":"closed","ping_status":"open","sticky":false,"template":"","format":"standard","meta":{"_oasis_is_in_workflow":0,"_oasis_original":0,"ngg_post_thumbnail":0},"categories":[1],"tags":[14,13,97,18],"_links":{"self":[{"href":"https:\/\/blogs.amb.cat\/alimentaciometropolitana\/wp-json\/wp\/v2\/posts\/325"}],"collection":[{"href":"https:\/\/blogs.amb.cat\/alimentaciometropolitana\/wp-json\/wp\/v2\/posts"}],"about":[{"href":"https:\/\/blogs.amb.cat\/alimentaciometropolitana\/wp-json\/wp\/v2\/types\/post"}],"author":[{"embeddable":true,"href":"https:\/\/blogs.amb.cat\/alimentaciometropolitana\/wp-json\/wp\/v2\/users\/39"}],"replies":[{"embeddable":true,"href":"https:\/\/blogs.amb.cat\/alimentaciometropolitana\/wp-json\/wp\/v2\/comments?post=325"}],"version-history":[{"count":2,"href":"https:\/\/blogs.amb.cat\/alimentaciometropolitana\/wp-json\/wp\/v2\/posts\/325\/revisions"}],"predecessor-version":[{"id":356,"href":"https:\/\/blogs.amb.cat\/alimentaciometropolitana\/wp-json\/wp\/v2\/posts\/325\/revisions\/356"}],"wp:featuredmedia":[{"embeddable":true,"href":"https:\/\/blogs.amb.cat\/alimentaciometropolitana\/wp-json\/wp\/v2\/media\/328"}],"wp:attachment":[{"href":"https:\/\/blogs.amb.cat\/alimentaciometropolitana\/wp-json\/wp\/v2\/media?parent=325"}],"wp:term":[{"taxonomy":"category","embeddable":true,"href":"https:\/\/blogs.amb.cat\/alimentaciometropolitana\/wp-json\/wp\/v2\/categories?post=325"},{"taxonomy":"post_tag","embeddable":true,"href":"https:\/\/blogs.amb.cat\/alimentaciometropolitana\/wp-json\/wp\/v2\/tags?post=325"}],"curies":[{"name":"wp","href":"https:\/\/api.w.org\/{rel}","templated":true}]}}