
 







{"id":334,"date":"2021-07-19T12:22:00","date_gmt":"2021-07-19T10:22:00","guid":{"rendered":"https:\/\/blogs.amb.cat\/alimentaciometropolitana\/?p=334"},"modified":"2021-08-16T17:03:52","modified_gmt":"2021-08-16T15:03:52","slug":"recurs-o-s-de-juliol","status":"publish","type":"post","link":"https:\/\/blogs.amb.cat\/alimentaciometropolitana\/2021\/07\/19\/recurs-o-s-de-juliol\/","title":{"rendered":"Recurs.o.s de juliol"},"content":{"rendered":"\n<p class=\"has-medium-font-size\">3 propostes per ajudar el planeta a trav\u00e9s l&#8217;alimentaci\u00f3 sostenible<\/p>\n\n\n\n<figure class=\"wp-block-image size-large\"><img width=\"940\" height=\"683\" src=\"https:\/\/blogs.amb.cat\/alimentaciometropolitana\/wp-content\/uploads\/sites\/14\/2021\/08\/recurs-1.jpg\" alt=\"\" class=\"wp-image-374\" srcset=\"https:\/\/blogs.amb.cat\/alimentaciometropolitana\/wp-content\/uploads\/sites\/14\/2021\/08\/recurs-1.jpg 940w, https:\/\/blogs.amb.cat\/alimentaciometropolitana\/wp-content\/uploads\/sites\/14\/2021\/08\/recurs-1-300x218.jpg 300w, https:\/\/blogs.amb.cat\/alimentaciometropolitana\/wp-content\/uploads\/sites\/14\/2021\/08\/recurs-1-768x558.jpg 768w\" sizes=\"(max-width: 940px) 100vw, 940px\" \/><\/figure>\n\n\n\n<figure class=\"wp-block-image size-large\"><img width=\"940\" height=\"707\" src=\"https:\/\/blogs.amb.cat\/alimentaciometropolitana\/wp-content\/uploads\/sites\/14\/2021\/08\/recurs-2.jpg\" alt=\"\" class=\"wp-image-373\" srcset=\"https:\/\/blogs.amb.cat\/alimentaciometropolitana\/wp-content\/uploads\/sites\/14\/2021\/08\/recurs-2.jpg 940w, https:\/\/blogs.amb.cat\/alimentaciometropolitana\/wp-content\/uploads\/sites\/14\/2021\/08\/recurs-2-300x226.jpg 300w, https:\/\/blogs.amb.cat\/alimentaciometropolitana\/wp-content\/uploads\/sites\/14\/2021\/08\/recurs-2-768x578.jpg 768w\" sizes=\"(max-width: 940px) 100vw, 940px\" \/><\/figure>\n\n\n\n<figure class=\"wp-block-image size-large\"><img width=\"940\" height=\"619\" src=\"https:\/\/blogs.amb.cat\/alimentaciometropolitana\/wp-content\/uploads\/sites\/14\/2021\/08\/recurs-3.jpg\" alt=\"\" class=\"wp-image-375\" srcset=\"https:\/\/blogs.amb.cat\/alimentaciometropolitana\/wp-content\/uploads\/sites\/14\/2021\/08\/recurs-3.jpg 940w, https:\/\/blogs.amb.cat\/alimentaciometropolitana\/wp-content\/uploads\/sites\/14\/2021\/08\/recurs-3-300x198.jpg 300w, https:\/\/blogs.amb.cat\/alimentaciometropolitana\/wp-content\/uploads\/sites\/14\/2021\/08\/recurs-3-768x506.jpg 768w\" sizes=\"(max-width: 940px) 100vw, 940px\" \/><\/figure>\n\n\n\n<p><span class=\"has-inline-color has-cyan-bluish-gray-color\">&#8212;<\/span><\/p>\n\n\n\n<p><strong><span class=\"has-inline-color has-black-color\">ACC\u00c9S ALS RECURSOS<\/span><\/strong><\/p>\n\n\n\n<ul><li><a rel=\"noreferrer noopener\" href=\"https:\/\/www.filmin.cat\/pelicula\/els-tomaquets-escolten-wagner\" data-type=\"URL\" data-id=\"https:\/\/www.filmin.cat\/pelicula\/els-tomaquets-escolten-wagner\" target=\"_blank\">Pel\u00b7l\u00edcula<\/a><\/li><li><a href=\"https:\/\/ajuntament.barcelona.cat\/lafabricadelsol\/inscripcions\/sites\/default\/files\/guia_per_fer_un_compostador_casola.pdf\" data-type=\"URL\" data-id=\"https:\/\/ajuntament.barcelona.cat\/lafabricadelsol\/inscripcions\/sites\/default\/files\/guia_per_fer_un_compostador_casola.pdf\" target=\"_blank\" rel=\"noreferrer noopener\">DIY<\/a><\/li><li><a href=\"https:\/\/museuciencies.cat\/exposicio_temporal\/mes-que-abelles\/\" data-type=\"URL\" data-id=\"https:\/\/museuciencies.cat\/exposicio_temporal\/mes-que-abelles\/\" target=\"_blank\" rel=\"noreferrer noopener\">Exposici\u00f3<\/a><\/li><\/ul>\n\n\n\n<p><\/p>\n","protected":false},"excerpt":{"rendered":"<p>3 propostes per ajudar el planeta a trav\u00e9s l&#8217;alimentaci\u00f3 sostenible &#8212; ACC\u00c9S ALS RECURSOS Pel\u00b7l\u00edcula DIY Exposici\u00f3<\/p>\n","protected":false},"author":39,"featured_media":351,"comment_status":"closed","ping_status":"open","sticky":false,"template":"","format":"standard","meta":{"_oasis_is_in_workflow":0,"_oasis_original":0,"ngg_post_thumbnail":0},"categories":[1],"tags":[87],"_links":{"self":[{"href":"https:\/\/blogs.amb.cat\/alimentaciometropolitana\/wp-json\/wp\/v2\/posts\/334"}],"collection":[{"href":"https:\/\/blogs.amb.cat\/alimentaciometropolitana\/wp-json\/wp\/v2\/posts"}],"about":[{"href":"https:\/\/blogs.amb.cat\/alimentaciometropolitana\/wp-json\/wp\/v2\/types\/post"}],"author":[{"embeddable":true,"href":"https:\/\/blogs.amb.cat\/alimentaciometropolitana\/wp-json\/wp\/v2\/users\/39"}],"replies":[{"embeddable":true,"href":"https:\/\/blogs.amb.cat\/alimentaciometropolitana\/wp-json\/wp\/v2\/comments?post=334"}],"version-history":[{"count":6,"href":"https:\/\/blogs.amb.cat\/alimentaciometropolitana\/wp-json\/wp\/v2\/posts\/334\/revisions"}],"predecessor-version":[{"id":417,"href":"https:\/\/blogs.amb.cat\/alimentaciometropolitana\/wp-json\/wp\/v2\/posts\/334\/revisions\/417"}],"wp:featuredmedia":[{"embeddable":true,"href":"https:\/\/blogs.amb.cat\/alimentaciometropolitana\/wp-json\/wp\/v2\/media\/351"}],"wp:attachment":[{"href":"https:\/\/blogs.amb.cat\/alimentaciometropolitana\/wp-json\/wp\/v2\/media?parent=334"}],"wp:term":[{"taxonomy":"category","embeddable":true,"href":"https:\/\/blogs.amb.cat\/alimentaciometropolitana\/wp-json\/wp\/v2\/categories?post=334"},{"taxonomy":"post_tag","embeddable":true,"href":"https:\/\/blogs.amb.cat\/alimentaciometropolitana\/wp-json\/wp\/v2\/tags?post=334"}],"curies":[{"name":"wp","href":"https:\/\/api.w.org\/{rel}","templated":true}]}}