
 







{"id":362,"date":"2021-08-04T10:26:07","date_gmt":"2021-08-04T08:26:07","guid":{"rendered":"https:\/\/blogs.amb.cat\/alimentaciometropolitana\/?p=362"},"modified":"2021-08-24T10:39:04","modified_gmt":"2021-08-24T08:39:04","slug":"primers-ponents-de-foodture-la-trobada-dinnovacio-en-disseny-dalimentacio","status":"publish","type":"post","link":"https:\/\/blogs.amb.cat\/alimentaciometropolitana\/2021\/08\/04\/primers-ponents-de-foodture-la-trobada-dinnovacio-en-disseny-dalimentacio\/","title":{"rendered":"Primers ponents de Foodture, la trobada d\u2019innovaci\u00f3 en disseny d\u2019alimentaci\u00f3"},"content":{"rendered":"\n<h2>L\u2019esdeveniment aterrar\u00e0 a Barcelona al novembre<\/h2>\n\n\n\n<p>\u2018Gastronomia augmentada. M\u00e9s enll\u00e0 de la sostenibilitat: hipercreativitat a l\u2019era regenerativa\u2019. Aquest \u00e9s l\u2019argument de l\u2019edici\u00f3 d\u2019enguany de&nbsp;<a href=\"https:\/\/www.foodture.barcelona\/\" target=\"_blank\" rel=\"noreferrer noopener\">Foodture<\/a>, la trobada d\u2019innovaci\u00f3 en disseny d\u2019alimentaci\u00f3, tecnologia dels aliments, aliments socials i sostenibilitat que tindr\u00e0 lloc a Barcelona els dies 26 i 27 de novembre.<\/p>\n\n\n\n<p>L&#8217;alimentaci\u00f3 saludable i accessible, les oportunitats econ\u00f2miques per al territori i l\u2019emerg\u00e8ncia clim\u00e0tica seran tres dels temes clau de l\u2019esdeveniment, aprofitant que aquest any Barcelona \u00e9s la capital de l\u2019alimentaci\u00f3 sostenible.<\/p>\n\n\n\n<p>Foodture, que reuneix les ments m\u00e9s creatives que lideren el canvi d\u2019ordre alimentari mundial, ja ha comen\u00e7at a anunciar alguns dels ponents: Carme Ruscalleda (cuinera, responsable del restaurant Sant Pau, ara tancat), Nacho de Juan-Creix (creatiu), Laura Veraguas (al capdavant del projecte gastron\u00f2mic Veraguas) o Giacomo Gianiotti (expert en c\u00f2ctels, responsable de Paradiso cocktail bar), entre d\u2019altres.<\/p>\n","protected":false},"excerpt":{"rendered":"<p>L\u2019esdeveniment aterrar\u00e0 a Barcelona al novembre \u2018Gastronomia augmentada. M\u00e9s enll\u00e0 de la sostenibilitat: hipercreativitat a l\u2019era regenerativa\u2019. Aquest \u00e9s l\u2019argument de l\u2019edici\u00f3 d\u2019enguany de&nbsp;Foodture, la trobada d\u2019innovaci\u00f3 en disseny d\u2019alimentaci\u00f3, tecnologia dels aliments, aliments socials i sostenibilitat que tindr\u00e0 lloc a Barcelona els dies 26 i 27 de novembre. L&#8217;alimentaci\u00f3 saludable i accessible, les oportunitats [&hellip;]<\/p>\n","protected":false},"author":7,"featured_media":363,"comment_status":"closed","ping_status":"open","sticky":false,"template":"","format":"standard","meta":{"_oasis_is_in_workflow":0,"_oasis_original":0,"ngg_post_thumbnail":0},"categories":[1],"tags":[10,55,104],"_links":{"self":[{"href":"https:\/\/blogs.amb.cat\/alimentaciometropolitana\/wp-json\/wp\/v2\/posts\/362"}],"collection":[{"href":"https:\/\/blogs.amb.cat\/alimentaciometropolitana\/wp-json\/wp\/v2\/posts"}],"about":[{"href":"https:\/\/blogs.amb.cat\/alimentaciometropolitana\/wp-json\/wp\/v2\/types\/post"}],"author":[{"embeddable":true,"href":"https:\/\/blogs.amb.cat\/alimentaciometropolitana\/wp-json\/wp\/v2\/users\/7"}],"replies":[{"embeddable":true,"href":"https:\/\/blogs.amb.cat\/alimentaciometropolitana\/wp-json\/wp\/v2\/comments?post=362"}],"version-history":[{"count":2,"href":"https:\/\/blogs.amb.cat\/alimentaciometropolitana\/wp-json\/wp\/v2\/posts\/362\/revisions"}],"predecessor-version":[{"id":365,"href":"https:\/\/blogs.amb.cat\/alimentaciometropolitana\/wp-json\/wp\/v2\/posts\/362\/revisions\/365"}],"wp:featuredmedia":[{"embeddable":true,"href":"https:\/\/blogs.amb.cat\/alimentaciometropolitana\/wp-json\/wp\/v2\/media\/363"}],"wp:attachment":[{"href":"https:\/\/blogs.amb.cat\/alimentaciometropolitana\/wp-json\/wp\/v2\/media?parent=362"}],"wp:term":[{"taxonomy":"category","embeddable":true,"href":"https:\/\/blogs.amb.cat\/alimentaciometropolitana\/wp-json\/wp\/v2\/categories?post=362"},{"taxonomy":"post_tag","embeddable":true,"href":"https:\/\/blogs.amb.cat\/alimentaciometropolitana\/wp-json\/wp\/v2\/tags?post=362"}],"curies":[{"name":"wp","href":"https:\/\/api.w.org\/{rel}","templated":true}]}}