
 







{"id":398,"date":"2021-08-16T10:00:00","date_gmt":"2021-08-16T08:00:00","guid":{"rendered":"https:\/\/blogs.amb.cat\/alimentaciometropolitana\/?p=398"},"modified":"2021-08-24T10:38:27","modified_gmt":"2021-08-24T08:38:27","slug":"sant-joan-despi-aposta-pel-repartiment-sostenible-de-mercaderies","status":"publish","type":"post","link":"https:\/\/blogs.amb.cat\/alimentaciometropolitana\/2021\/08\/16\/sant-joan-despi-aposta-pel-repartiment-sostenible-de-mercaderies\/","title":{"rendered":"Sant Joan Desp\u00ed aposta pel repartiment sostenible de mercaderies"},"content":{"rendered":"\n<p class=\"has-medium-font-size\">Adopta la ciclolog\u00edstica amb una subvenci\u00f3 de l\u2019AMB<\/p>\n\n\n\n<p>Sant Joan Desp\u00ed \u00e9s, amb Cerdanyola del Vall\u00e8s, Cornell\u00e0 de Llobregat, Esplugues de Llobregat, Sant Cugat del Vall\u00e8s i Santa Coloma de Gramenet, un dels sis municipis que ha optat a la subvenci\u00f3 de l&#8217;\u00c0rea Metropolitana de Barcelona (AMB) per crear&nbsp;<a href=\"https:\/\/www.amb.cat\/web\/amb\/seu-electronica\/tramits\/detall\/-\/tramit\/subvencio-als-ajuntaments-per-a-l-impuls-de-la-ciclologistica-d-ultim-quilometre\/9934862\/11696\" target=\"_blank\" rel=\"noreferrer noopener\">serveis municipals de ciclolog\u00edstica<\/a>.<\/p>\n\n\n\n<p>L&#8217;Ajuntament adquirir\u00e0 dos tricicles el\u00e8ctrics de c\u00e0rrega per transportar i distribuir missatgeria dels serveis municipals, aliments i menjars preparats (dels programes per a gent gran) o b\u00e9 per fer el repartiment de la compra a domicili als mercats municipals. En aquests dos \u00faltims serveis abans caldr\u00e0 transformar-ne el funcionament per adaptar-lo als requisits del transport.<\/p>\n\n\n\n<p>El consistori tamb\u00e9 preveu poder fer servir els tricicles per al pr\u00e9stec interbibliotecari, el servei de brigada i el servei de ciclominideixalleria m\u00f2bil. A m\u00e9s, el projecte podria incloure un espai per a la rec\u00e0rrega i per petites reparacions, com inflar rodes, ajustar frens, etc.<\/p>\n\n\n\n<p>Podeu consultar les propostes de ciclolog\u00edstica dels altres municipis&nbsp;<a href=\"https:\/\/www.amb.cat\/ca\/web\/amb\/actualitat\/sala-de-premsa\/notes-de-premsa\/detall\/-\/notapremsa\/l-amb-impulsara-la-creacio-de-7-nous-centres-de-ciclologistica-a-la-metropolis\/11188260\/11696\" target=\"_blank\" rel=\"noreferrer noopener\">aqu\u00ed<\/a>.<\/p>\n","protected":false},"excerpt":{"rendered":"<p>Adopta la ciclolog\u00edstica amb una subvenci\u00f3 de l\u2019AMB Sant Joan Desp\u00ed \u00e9s, amb Cerdanyola del Vall\u00e8s, Cornell\u00e0 de Llobregat, Esplugues de Llobregat, Sant Cugat del Vall\u00e8s i Santa Coloma de Gramenet, un dels sis municipis que ha optat a la subvenci\u00f3 de l&#8217;\u00c0rea Metropolitana de Barcelona (AMB) per crear&nbsp;serveis municipals de ciclolog\u00edstica. L&#8217;Ajuntament adquirir\u00e0 dos [&hellip;]<\/p>\n","protected":false},"author":7,"featured_media":399,"comment_status":"closed","ping_status":"open","sticky":false,"template":"","format":"standard","meta":{"_oasis_is_in_workflow":0,"_oasis_original":0,"ngg_post_thumbnail":0},"categories":[1],"tags":[103],"_links":{"self":[{"href":"https:\/\/blogs.amb.cat\/alimentaciometropolitana\/wp-json\/wp\/v2\/posts\/398"}],"collection":[{"href":"https:\/\/blogs.amb.cat\/alimentaciometropolitana\/wp-json\/wp\/v2\/posts"}],"about":[{"href":"https:\/\/blogs.amb.cat\/alimentaciometropolitana\/wp-json\/wp\/v2\/types\/post"}],"author":[{"embeddable":true,"href":"https:\/\/blogs.amb.cat\/alimentaciometropolitana\/wp-json\/wp\/v2\/users\/7"}],"replies":[{"embeddable":true,"href":"https:\/\/blogs.amb.cat\/alimentaciometropolitana\/wp-json\/wp\/v2\/comments?post=398"}],"version-history":[{"count":1,"href":"https:\/\/blogs.amb.cat\/alimentaciometropolitana\/wp-json\/wp\/v2\/posts\/398\/revisions"}],"predecessor-version":[{"id":400,"href":"https:\/\/blogs.amb.cat\/alimentaciometropolitana\/wp-json\/wp\/v2\/posts\/398\/revisions\/400"}],"wp:featuredmedia":[{"embeddable":true,"href":"https:\/\/blogs.amb.cat\/alimentaciometropolitana\/wp-json\/wp\/v2\/media\/399"}],"wp:attachment":[{"href":"https:\/\/blogs.amb.cat\/alimentaciometropolitana\/wp-json\/wp\/v2\/media?parent=398"}],"wp:term":[{"taxonomy":"category","embeddable":true,"href":"https:\/\/blogs.amb.cat\/alimentaciometropolitana\/wp-json\/wp\/v2\/categories?post=398"},{"taxonomy":"post_tag","embeddable":true,"href":"https:\/\/blogs.amb.cat\/alimentaciometropolitana\/wp-json\/wp\/v2\/tags?post=398"}],"curies":[{"name":"wp","href":"https:\/\/api.w.org\/{rel}","templated":true}]}}