
 







{"id":440,"date":"2021-08-24T10:55:00","date_gmt":"2021-08-24T08:55:00","guid":{"rendered":"https:\/\/blogs.amb.cat\/alimentaciometropolitana\/?p=440"},"modified":"2021-09-02T10:23:37","modified_gmt":"2021-09-02T08:23:37","slug":"queden-poc-mes-de-15-dies-per-collaborar-al-proces-participatiu-del-pla-estrategic-de-recerca-innovacio-i-transferencia-agroalimentaria-de-catalunya-2021-2030","status":"publish","type":"post","link":"https:\/\/blogs.amb.cat\/alimentaciometropolitana\/2021\/08\/24\/queden-poc-mes-de-15-dies-per-collaborar-al-proces-participatiu-del-pla-estrategic-de-recerca-innovacio-i-transferencia-agroalimentaria-de-catalunya-2021-2030\/","title":{"rendered":"Queden poc m\u00e9s de 15 dies per col\u00b7laborar al proc\u00e9s participatiu del PRITAC 2030"},"content":{"rendered":"\n<p class=\"has-medium-font-size\">L\u2019objectiu \u00e9s millorar el sistema d\u2019innovaci\u00f3 agroaliment\u00e0ria, forestal i mar\u00edtima del Principat<\/p>\n\n\n\n<p>Analitzar i debatre com es pot enfortir la governan\u00e7a del sistema i la cooperaci\u00f3 entre els actors del sistema de recerca, desenvolupament i innovaci\u00f3 (RDI) agroalimentari, forestal i mar\u00edtim; identificar eines per millorar la captaci\u00f3 i fer una distribuci\u00f3 m\u00e9s eficient dels recursos humans i materials destinats a l\u2019RDI, i analitzar i debatre com es pot incrementar l\u2019impacte transformador de la recerca, la innovaci\u00f3 i la transfer\u00e8ncia en la societat. Aquests s\u00f3n els tres eixos de debat oberts a la participaci\u00f3 ciutadana del <a rel=\"noreferrer noopener\" href=\"https:\/\/participa.gencat.cat\/uploads\/decidim\/attachment\/file\/2712\/PRITAC2030.pdf\" target=\"_blank\">Pla estrat\u00e8gic de recerca, innovaci\u00f3 i transfer\u00e8ncia agroaliment\u00e0ria de Catalunya 2030 (PRITAC 2030)<\/a>, que acaba el pr\u00f2xim 15 de setembre.<\/p>\n\n\n\n<p>El PRITAC 2030 \u00e9s l\u2019estrat\u00e8gia del Govern catal\u00e0 per donar continu\u00eftat al PRITAC 2013-2020 i actualment s\u2019est\u00e0 desenvolupant. \u201cEls darrers mesos, i m\u00e9s acceleradament arran de la crisi de la covid-19, s\u2019han identificat diversos desafiaments que seran clau per al futur del sector, la seguretat aliment\u00e0ria i la salut de la poblaci\u00f3. Som davant una missi\u00f3 de gran complexitat: alimentar el m\u00f3n sense traspassar els l\u00edmits ecol\u00f2gics de la Terra; i sabem que, en aquest prop\u00f2sit, el suport de la ci\u00e8ncia i la tecnologia seran fonamentals. Sabem tamb\u00e9 que les solucions han d\u2019estar connectades a la realitat concreta i espec\u00edfica del nostre territori i a les necessitats de la nostra societat\u201d, recull el document.<\/p>\n\n\n\n<p>Amb aquesta premissa, la redacci\u00f3 definitiva del pla ha posat en marxa un proc\u00e9s participatiu per rebre propostes que permetin completar i adaptar les necessitats que s\u2019han detectat. Un proc\u00e9s obert a \u201cles persones i\/o entitats interessades a participar en la definici\u00f3 i prioritzaci\u00f3 de mesures adre\u00e7ades a la millora del sistema d\u2019innovaci\u00f3 agroalimentari, forestal i mar\u00edtim de Catalunya\u201d, indica el web de la Generalitat.<\/p>\n\n\n\n<p>Podeu fer la vostra aportaci\u00f3 des d\u2019<a href=\"https:\/\/participa.gencat.cat\/processes\/PRITAC\/f\/3202\/\" target=\"_blank\" rel=\"noreferrer noopener\">aqu\u00ed<\/a>.<\/p>\n","protected":false},"excerpt":{"rendered":"<p>L\u2019objectiu \u00e9s millorar el sistema d\u2019innovaci\u00f3 agroaliment\u00e0ria, forestal i mar\u00edtima del Principat Analitzar i debatre com es pot enfortir la governan\u00e7a del sistema i la cooperaci\u00f3 entre els actors del sistema de recerca, desenvolupament i innovaci\u00f3 (RDI) agroalimentari, forestal i mar\u00edtim; identificar eines per millorar la captaci\u00f3 i fer una distribuci\u00f3 m\u00e9s eficient dels recursos [&hellip;]<\/p>\n","protected":false},"author":38,"featured_media":442,"comment_status":"closed","ping_status":"open","sticky":false,"template":"","format":"standard","meta":{"_oasis_is_in_workflow":0,"_oasis_original":0,"ngg_post_thumbnail":0},"categories":[1],"tags":[106,55,105],"_links":{"self":[{"href":"https:\/\/blogs.amb.cat\/alimentaciometropolitana\/wp-json\/wp\/v2\/posts\/440"}],"collection":[{"href":"https:\/\/blogs.amb.cat\/alimentaciometropolitana\/wp-json\/wp\/v2\/posts"}],"about":[{"href":"https:\/\/blogs.amb.cat\/alimentaciometropolitana\/wp-json\/wp\/v2\/types\/post"}],"author":[{"embeddable":true,"href":"https:\/\/blogs.amb.cat\/alimentaciometropolitana\/wp-json\/wp\/v2\/users\/38"}],"replies":[{"embeddable":true,"href":"https:\/\/blogs.amb.cat\/alimentaciometropolitana\/wp-json\/wp\/v2\/comments?post=440"}],"version-history":[{"count":5,"href":"https:\/\/blogs.amb.cat\/alimentaciometropolitana\/wp-json\/wp\/v2\/posts\/440\/revisions"}],"predecessor-version":[{"id":473,"href":"https:\/\/blogs.amb.cat\/alimentaciometropolitana\/wp-json\/wp\/v2\/posts\/440\/revisions\/473"}],"wp:featuredmedia":[{"embeddable":true,"href":"https:\/\/blogs.amb.cat\/alimentaciometropolitana\/wp-json\/wp\/v2\/media\/442"}],"wp:attachment":[{"href":"https:\/\/blogs.amb.cat\/alimentaciometropolitana\/wp-json\/wp\/v2\/media?parent=440"}],"wp:term":[{"taxonomy":"category","embeddable":true,"href":"https:\/\/blogs.amb.cat\/alimentaciometropolitana\/wp-json\/wp\/v2\/categories?post=440"},{"taxonomy":"post_tag","embeddable":true,"href":"https:\/\/blogs.amb.cat\/alimentaciometropolitana\/wp-json\/wp\/v2\/tags?post=440"}],"curies":[{"name":"wp","href":"https:\/\/api.w.org\/{rel}","templated":true}]}}