
 







{"id":47,"date":"2021-04-12T10:38:00","date_gmt":"2021-04-12T08:38:00","guid":{"rendered":"https:\/\/blogs.amb.cat\/alimentaciometropolitana\/?p=47"},"modified":"2021-05-25T23:15:59","modified_gmt":"2021-05-25T21:15:59","slug":"curs-dintroduccio-a-la-dinamitzacio-agroecologica","status":"publish","type":"post","link":"https:\/\/blogs.amb.cat\/alimentaciometropolitana\/2021\/04\/12\/curs-dintroduccio-a-la-dinamitzacio-agroecologica\/","title":{"rendered":"Curs d\u2019introducci\u00f3 a la dinamitzaci\u00f3 agroecol\u00f2gica"},"content":{"rendered":"\n<p class=\"has-medium-font-size\">Dirigit a personal t\u00e8cnic de les administracions<\/p>\n\n\n\n<p>La situaci\u00f3 actual d\u2019emerg\u00e8ncia clim\u00e0tica demana maneres diferents de produir aliments que no nom\u00e9s impliquen la pagesia, sin\u00f3 que tamb\u00e9 comporten una reordenaci\u00f3 del territori, a mans de les administracions. Amb la intenci\u00f3 de formar personal d\u2019organismes p\u00fablics, el <a href=\"https:\/\/dlae.cat\/\" target=\"_blank\" rel=\"noreferrer noopener\">Postgrau Dinamitzaci\u00f3 Local Agroecol\u00f2gica (DLAe) <\/a>de la Universitat Aut\u00f2noma de Barcelona ha organitzat un curs online els dies 4 i 18 de maig i 1 i 15 de juny, de 10h a 13h.<\/p>\n\n\n\n<p>\u00c9s una formaci\u00f3 introduct\u00f2ria a la dinamitzaci\u00f3 agroecol\u00f2gica, \u201cuna metodologia innovadora per impulsar, en l\u2019\u00e0mbit local i de forma participativa, la transici\u00f3 vers sistemes alimentaris m\u00e9s justos, m\u00e9s sans i m\u00e9s sostenibles\u201d, s\u2019explica al web del (DLAe).<\/p>\n\n\n\n<p>En concret, els assistents coneixeran els fonaments te\u00f2rics i metodol\u00f2gics de l\u2019agroecologia; les pol\u00edtiques p\u00fabliques que s\u2019estan duent a terme a nivell urb\u00e0 i metropolit\u00e0, i se\u2019ls iniciar\u00e0 en el disseny i la implementaci\u00f3 de projectes de dinamitzaci\u00f3 local agroecol\u00f2gica.<\/p>\n\n\n\n<p>El curs est\u00e0 pensat per a personal t\u00e8cnic de les administracions p\u00fabliques de l\u2019\u00e0mbit metropolit\u00e0 (d\u2019\u00e0rees com l\u2019agroaliment\u00e0ria, l\u2019ocupaci\u00f3, la promoci\u00f3 econ\u00f2mica, la planificaci\u00f3 territorial o el medi ambient). Les inscripcions s\u2019han de fer mitjan\u00e7ant <a href=\"https:\/\/docs.google.com\/forms\/d\/1G43u6PUgWztHWMO90b85ktAY_rv57OKOq0hC2jEHU1U\/viewform?edit_requested=true&amp;gxids=7628\" target=\"_blank\" rel=\"noreferrer noopener\">aquest formulari<\/a>.<\/p>\n","protected":false},"excerpt":{"rendered":"<p>Dirigit a personal t\u00e8cnic de les administracions La situaci\u00f3 actual d\u2019emerg\u00e8ncia clim\u00e0tica demana maneres diferents de produir aliments que no nom\u00e9s impliquen la pagesia, sin\u00f3 que tamb\u00e9 comporten una reordenaci\u00f3 del territori, a mans de les administracions. Amb la intenci\u00f3 de formar personal d\u2019organismes p\u00fablics, el Postgrau Dinamitzaci\u00f3 Local Agroecol\u00f2gica (DLAe) de la Universitat Aut\u00f2noma [&hellip;]<\/p>\n","protected":false},"author":38,"featured_media":48,"comment_status":"closed","ping_status":"open","sticky":false,"template":"","format":"standard","meta":{"_oasis_is_in_workflow":0,"_oasis_original":0,"ngg_post_thumbnail":0},"categories":[1],"tags":[16,15,7],"_links":{"self":[{"href":"https:\/\/blogs.amb.cat\/alimentaciometropolitana\/wp-json\/wp\/v2\/posts\/47"}],"collection":[{"href":"https:\/\/blogs.amb.cat\/alimentaciometropolitana\/wp-json\/wp\/v2\/posts"}],"about":[{"href":"https:\/\/blogs.amb.cat\/alimentaciometropolitana\/wp-json\/wp\/v2\/types\/post"}],"author":[{"embeddable":true,"href":"https:\/\/blogs.amb.cat\/alimentaciometropolitana\/wp-json\/wp\/v2\/users\/38"}],"replies":[{"embeddable":true,"href":"https:\/\/blogs.amb.cat\/alimentaciometropolitana\/wp-json\/wp\/v2\/comments?post=47"}],"version-history":[{"count":1,"href":"https:\/\/blogs.amb.cat\/alimentaciometropolitana\/wp-json\/wp\/v2\/posts\/47\/revisions"}],"predecessor-version":[{"id":49,"href":"https:\/\/blogs.amb.cat\/alimentaciometropolitana\/wp-json\/wp\/v2\/posts\/47\/revisions\/49"}],"wp:featuredmedia":[{"embeddable":true,"href":"https:\/\/blogs.amb.cat\/alimentaciometropolitana\/wp-json\/wp\/v2\/media\/48"}],"wp:attachment":[{"href":"https:\/\/blogs.amb.cat\/alimentaciometropolitana\/wp-json\/wp\/v2\/media?parent=47"}],"wp:term":[{"taxonomy":"category","embeddable":true,"href":"https:\/\/blogs.amb.cat\/alimentaciometropolitana\/wp-json\/wp\/v2\/categories?post=47"},{"taxonomy":"post_tag","embeddable":true,"href":"https:\/\/blogs.amb.cat\/alimentaciometropolitana\/wp-json\/wp\/v2\/tags?post=47"}],"curies":[{"name":"wp","href":"https:\/\/api.w.org\/{rel}","templated":true}]}}