
 







{"id":499,"date":"2021-09-08T10:35:00","date_gmt":"2021-09-08T08:35:00","guid":{"rendered":"https:\/\/blogs.amb.cat\/alimentaciometropolitana\/?p=499"},"modified":"2021-10-27T12:52:29","modified_gmt":"2021-10-27T10:52:29","slug":"acces-a-lalimentacio-sostenible-proxima-parada-de-la-taula-de-participacio-i-debat-de-lamb","status":"publish","type":"post","link":"https:\/\/blogs.amb.cat\/alimentaciometropolitana\/2021\/09\/08\/acces-a-lalimentacio-sostenible-proxima-parada-de-la-taula-de-participacio-i-debat-de-lamb\/","title":{"rendered":"Acc\u00e9s a l\u2019alimentaci\u00f3 sostenible: pr\u00f2xima parada de la Taula de Participaci\u00f3 i Debat de l\u2019AMB"},"content":{"rendered":"\n<p class=\"has-medium-font-size\">L\u2019AMB organitza quatre sessions en l\u00ednia sobre la governan\u00e7a del sistema alimentari i l\u2019alimentaci\u00f3 metropolitana<\/p>\n\n\n\n<p>Arrenca la segona fase del III Cicle Tem\u00e0tic de Taules de Debat i Participaci\u00f3 de l\u2019\u00c0rea Metropolitana de Barcelona (AMB). El juliol passat, m\u00e9s de quaranta experts i t\u00e8cnics van trobar-se per parlar sobre <a href=\"https:\/\/blogs.amb.cat\/alimentaciometropolitana\/2021\/06\/15\/lagricultura-i-el-sistema-alimentari-a-debat\/\">agricultura metropolitana<\/a>. Aquest setembre ser\u00e0 el torn de l\u2019alimentaci\u00f3.<\/p>\n\n\n\n<p>En el marc del <a href=\"https:\/\/www.amb.cat\/ca\/web\/amb\/actualitat\/publicacions\/detall\/-\/publicacio\/pla-d-accio-per-a-l-alimentacio-sostenible\/10500159\/11696\">Pla d&#8217;acci\u00f3 per a l&#8217;alimentaci\u00f3 sostenible 2020-2023<\/a> i de <a rel=\"noreferrer noopener\" href=\"https:\/\/alimentaciosostenible.barcelona\/\" target=\"_blank\">Barcelona, Capital Mundial de l&#8217;Alimentaci\u00f3 Sostenible 2021<\/a>, l\u2019AMB celebra la Taula d&#8217;Alimentaci\u00f3: el dret a l&#8217;alimentaci\u00f3 sostenible i la governan\u00e7a del sistema alimentari. Les jornades de participaci\u00f3 i debat serviran per aprofundir en el coneixement del sistema alimentari com a sistema socioecol\u00f2gic i reflexionar, tamb\u00e9, sobre les necessitats i oportunitats dins de l\u2019AMB per garantir el dret a una alimentaci\u00f3 sostenible i democratitzar-hi l\u2019acc\u00e9s.<\/p>\n\n\n\n<p>Al debat s\u2019hi convidaran agents interessats i\/o vinculats amb l\u2019alimentaci\u00f3, que, a trav\u00e9s dels seus projectes i experi\u00e8ncia, proposaran vies per aconseguir un sistema alimentari que generi prosperitat i just\u00edcia social i que sigui respectu\u00f3s amb el medi ambient.<\/p>\n\n\n\n<p><strong>Calendari<\/strong><br>Les sessions se celebraran en l\u00ednia i de la manera seg\u00fcent:<br><strong>. 16 de setembre <\/strong>&#8211; De 16.30 h a 18. 30 h: sessi\u00f3 de pon\u00e8ncies<br><strong>. 23 i 30 de setembre <\/strong>&#8211; De 16.30 h a 18.30 h: sessions de treball<br><strong>. 4 de novembre<\/strong> &#8211; De 17.00 h a 18.30 h: sessi\u00f3 de retorn conjunta de les taules d&#8217;Agricultura i d&#8217;Alimentaci\u00f3 (conclusions i propers passos)<\/p>\n\n\n\n<p>La participaci\u00f3 \u00e9s gratu\u00efta i oberta a tothom, per\u00f2 abans cal inscriure\u2019s <a href=\"https:\/\/docs.google.com\/forms\/d\/e\/1FAIpQLSct1Lp65A5RUtuYWY-IjQd-TyaxTHo-J0HjPy6vIjOzER8D8w\/viewform\" target=\"_blank\" rel=\"noreferrer noopener\">aqu\u00ed<\/a>.<\/p>\n","protected":false},"excerpt":{"rendered":"<p>L\u2019AMB organitza quatre sessions en l\u00ednia sobre la governan\u00e7a del sistema alimentari i l\u2019alimentaci\u00f3 metropolitana Arrenca la segona fase del III Cicle Tem\u00e0tic de Taules de Debat i Participaci\u00f3 de l\u2019\u00c0rea Metropolitana de Barcelona (AMB). El juliol passat, m\u00e9s de quaranta experts i t\u00e8cnics van trobar-se per parlar sobre agricultura metropolitana. Aquest setembre ser\u00e0 el [&hellip;]<\/p>\n","protected":false},"author":38,"featured_media":500,"comment_status":"closed","ping_status":"open","sticky":false,"template":"","format":"standard","meta":{"_oasis_is_in_workflow":0,"_oasis_original":0,"ngg_post_thumbnail":0},"categories":[1],"tags":[14,13,72],"_links":{"self":[{"href":"https:\/\/blogs.amb.cat\/alimentaciometropolitana\/wp-json\/wp\/v2\/posts\/499"}],"collection":[{"href":"https:\/\/blogs.amb.cat\/alimentaciometropolitana\/wp-json\/wp\/v2\/posts"}],"about":[{"href":"https:\/\/blogs.amb.cat\/alimentaciometropolitana\/wp-json\/wp\/v2\/types\/post"}],"author":[{"embeddable":true,"href":"https:\/\/blogs.amb.cat\/alimentaciometropolitana\/wp-json\/wp\/v2\/users\/38"}],"replies":[{"embeddable":true,"href":"https:\/\/blogs.amb.cat\/alimentaciometropolitana\/wp-json\/wp\/v2\/comments?post=499"}],"version-history":[{"count":4,"href":"https:\/\/blogs.amb.cat\/alimentaciometropolitana\/wp-json\/wp\/v2\/posts\/499\/revisions"}],"predecessor-version":[{"id":704,"href":"https:\/\/blogs.amb.cat\/alimentaciometropolitana\/wp-json\/wp\/v2\/posts\/499\/revisions\/704"}],"wp:featuredmedia":[{"embeddable":true,"href":"https:\/\/blogs.amb.cat\/alimentaciometropolitana\/wp-json\/wp\/v2\/media\/500"}],"wp:attachment":[{"href":"https:\/\/blogs.amb.cat\/alimentaciometropolitana\/wp-json\/wp\/v2\/media?parent=499"}],"wp:term":[{"taxonomy":"category","embeddable":true,"href":"https:\/\/blogs.amb.cat\/alimentaciometropolitana\/wp-json\/wp\/v2\/categories?post=499"},{"taxonomy":"post_tag","embeddable":true,"href":"https:\/\/blogs.amb.cat\/alimentaciometropolitana\/wp-json\/wp\/v2\/tags?post=499"}],"curies":[{"name":"wp","href":"https:\/\/api.w.org\/{rel}","templated":true}]}}