
 







{"id":526,"date":"2021-09-16T20:58:00","date_gmt":"2021-09-16T18:58:00","guid":{"rendered":"https:\/\/blogs.amb.cat\/alimentaciometropolitana\/?p=526"},"modified":"2021-09-17T12:14:56","modified_gmt":"2021-09-17T10:14:56","slug":"compte-enrere-per-a-la-celebracio-del-7e-global-forum-del-pacte-de-ciutats-de-mila","status":"publish","type":"post","link":"https:\/\/blogs.amb.cat\/alimentaciometropolitana\/2021\/09\/16\/compte-enrere-per-a-la-celebracio-del-7e-global-forum-del-pacte-de-ciutats-de-mila\/","title":{"rendered":"Compte enrere per a la celebraci\u00f3 del 7\u00e8 Global Forum del Pacte de Ciutats de Mil\u00e0"},"content":{"rendered":"\n<p class=\"has-medium-font-size\">Tindr\u00e0 lloc a Barcelona entre el 19 i el 21 d\u2019octubre<\/p>\n\n\n\n<p>Canviar el model alimentari? Canviar el model alimentari. Aquest ser\u00e0 el tema central del <a rel=\"noreferrer noopener\" href=\"https:\/\/barcelona-milanpact2021.com\/ca\" target=\"_blank\">7\u00e8 Global Forum del Pacte de Ciutats de Mil\u00e0<\/a>, que se celebrar\u00e0 a Barcelona els dies 19, 20 i 21 d\u2019octubre, perqu\u00e8 la ciutat enguany \u00e9s la Capital Mundial de l\u2019Alimentaci\u00f3 Sostenible (i compta amb <a href=\"https:\/\/blogs.amb.cat\/alimentaciometropolitana\/2021\/04\/09\/lamb-presenta-el-pla-daccio-per-a-lalimentacio-sostenible\/\">l\u2019adhesi\u00f3 de l\u2019\u00c0rea Metropolitana de Barcelona<\/a>).<\/p>\n\n\n\n<p>\u201c(re)connectar-se, intercanviar experi\u00e8ncies, reptes, coneixements i bones pr\u00e0ctiques, per inspirar i inspirar-se amb l\u2019objectiu compartit d\u2019equilibrar els nostres sistemes d\u2019alimentaci\u00f3 urbana, alhora que abordem l\u2019emerg\u00e8ncia clim\u00e0tica.\u201d Amb aquest esperit, que l\u2019organitzaci\u00f3 expressa al seu lloc web, t\u00e8cnics i representants pol\u00edtics de les principals ciutats europees i d\u2019altres continents, aix\u00ed com membres d\u2019ag\u00e8ncies internacionals, de la comunitat cient\u00edfica i d\u2019organitzacions de la societat civil, es trobaran per consensuar la millor manera de promoure l\u2019alimentaci\u00f3 sostenible i afrontar l\u2019emerg\u00e8ncia clim\u00e0tica.<\/p>\n\n\n\n<p>El f\u00f2rum, que tindr\u00e0 lloc pocs dies abans de la confer\u00e8ncia sobre canvi clim\u00e0tic de les Nacions Unides a Glasgow (COP26), permetr\u00e0 intercanviar coneixements, experi\u00e8ncies i bones pr\u00e0ctiques per modificar els sistemes d\u2019alimentaci\u00f3 dominants i caminar cap a una dieta planet\u00e0ria que benefici\u00ef les persones, els territoris i el planeta.<\/p>\n\n\n\n<p>L\u2019esdeveniment culminar\u00e0 amb la presentaci\u00f3 de <em><a href=\"https:\/\/thebcnchallenge.org\/\" target=\"_blank\" rel=\"noreferrer noopener\">The Barcelona challenge for good food and climate<\/a><\/em>, una eina innovadora per engrescar les ciutats a treballar en la transformaci\u00f3 dels sistemes alimentaris. Es tracta d\u2019un repte perqu\u00e8 ciutats i ciutadania facin propostes per avan\u00e7ar en el compliment de l\u2019Agenda 2030.<\/p>\n\n\n\n<p>Podeu consultar el programa del f\u00f2rum <a href=\"https:\/\/barcelona-milanpact2021.com\/ca\/agenda\" target=\"_blank\" rel=\"noreferrer noopener\">aqu\u00ed<\/a>.<\/p>\n","protected":false},"excerpt":{"rendered":"<p>Tindr\u00e0 lloc a Barcelona entre el 19 i el 21 d\u2019octubre Canviar el model alimentari? Canviar el model alimentari. Aquest ser\u00e0 el tema central del 7\u00e8 Global Forum del Pacte de Ciutats de Mil\u00e0, que se celebrar\u00e0 a Barcelona els dies 19, 20 i 21 d\u2019octubre, perqu\u00e8 la ciutat enguany \u00e9s la Capital Mundial de [&hellip;]<\/p>\n","protected":false},"author":38,"featured_media":528,"comment_status":"closed","ping_status":"open","sticky":false,"template":"","format":"standard","meta":{"_oasis_is_in_workflow":0,"_oasis_original":0,"ngg_post_thumbnail":0},"categories":[1],"tags":[10,97],"_links":{"self":[{"href":"https:\/\/blogs.amb.cat\/alimentaciometropolitana\/wp-json\/wp\/v2\/posts\/526"}],"collection":[{"href":"https:\/\/blogs.amb.cat\/alimentaciometropolitana\/wp-json\/wp\/v2\/posts"}],"about":[{"href":"https:\/\/blogs.amb.cat\/alimentaciometropolitana\/wp-json\/wp\/v2\/types\/post"}],"author":[{"embeddable":true,"href":"https:\/\/blogs.amb.cat\/alimentaciometropolitana\/wp-json\/wp\/v2\/users\/38"}],"replies":[{"embeddable":true,"href":"https:\/\/blogs.amb.cat\/alimentaciometropolitana\/wp-json\/wp\/v2\/comments?post=526"}],"version-history":[{"count":3,"href":"https:\/\/blogs.amb.cat\/alimentaciometropolitana\/wp-json\/wp\/v2\/posts\/526\/revisions"}],"predecessor-version":[{"id":531,"href":"https:\/\/blogs.amb.cat\/alimentaciometropolitana\/wp-json\/wp\/v2\/posts\/526\/revisions\/531"}],"wp:featuredmedia":[{"embeddable":true,"href":"https:\/\/blogs.amb.cat\/alimentaciometropolitana\/wp-json\/wp\/v2\/media\/528"}],"wp:attachment":[{"href":"https:\/\/blogs.amb.cat\/alimentaciometropolitana\/wp-json\/wp\/v2\/media?parent=526"}],"wp:term":[{"taxonomy":"category","embeddable":true,"href":"https:\/\/blogs.amb.cat\/alimentaciometropolitana\/wp-json\/wp\/v2\/categories?post=526"},{"taxonomy":"post_tag","embeddable":true,"href":"https:\/\/blogs.amb.cat\/alimentaciometropolitana\/wp-json\/wp\/v2\/tags?post=526"}],"curies":[{"name":"wp","href":"https:\/\/api.w.org\/{rel}","templated":true}]}}