
 







{"id":536,"date":"2021-09-20T11:46:00","date_gmt":"2021-09-20T09:46:00","guid":{"rendered":"https:\/\/blogs.amb.cat\/alimentaciometropolitana\/?p=536"},"modified":"2021-09-20T12:27:03","modified_gmt":"2021-09-20T10:27:03","slug":"mirar-el-plat-per-transformar-el-mon-formacio-per-a-agents-educatius-de-la-ciutat-de-barcelona","status":"publish","type":"post","link":"https:\/\/blogs.amb.cat\/alimentaciometropolitana\/2021\/09\/20\/mirar-el-plat-per-transformar-el-mon-formacio-per-a-agents-educatius-de-la-ciutat-de-barcelona\/","title":{"rendered":"Mirar el plat per transformar el m\u00f3n: formaci\u00f3 per a agents educatius de la ciutat de Barcelona"},"content":{"rendered":"\n<p class=\"has-medium-font-size\">Aprenentatges per reduir el malbaratament alimentari<\/p>\n\n\n\n<p><a rel=\"noreferrer noopener\" href=\"https:\/\/espigoladors.cat\/ca\/\" target=\"_blank\">Espigoladors<\/a>, una empresa social que lluita contra el malbaratament alimentari, convoca agents educatius d\u2019escoles, instituts, AFA, esplais, agrupaments escoltes, entitats i organitzacions similars a la formaci\u00f3 gratu\u00efta &#8220;Mirar el plat per transformar el m\u00f3n&#8221;.<\/p>\n\n\n\n<p>Durant els mesos d\u2019octubre i novembre ha organitzat dues sessions de formaci\u00f3, dues d\u2019assessorament per a la cocreaci\u00f3 de projectes i un acompanyament per a la implementaci\u00f3 d\u2019accions amb l\u2019objectiu de reduir el malbaratament d\u2019aliments.<\/p>\n\n\n\n<p>La formaci\u00f3 es dur\u00e0 a terme els dimecres a la tarda, de 17 a 18.30 h, i per rebre-la cal inscriure-s\u2019hi abans, fins al 23 de setembre, perqu\u00e8 les places s\u00f3n limitades.<\/p>\n\n\n\n<p>M\u00e9s informaci\u00f3, <a href=\"https:\/\/twitter.com\/espigoladors\/status\/1434898568352083971\/photo\/1\" target=\"_blank\" rel=\"noreferrer noopener\">aqu\u00ed<\/a>.<\/p>\n","protected":false},"excerpt":{"rendered":"<p>Aprenentatges per reduir el malbaratament alimentari Espigoladors, una empresa social que lluita contra el malbaratament alimentari, convoca agents educatius d\u2019escoles, instituts, AFA, esplais, agrupaments escoltes, entitats i organitzacions similars a la formaci\u00f3 gratu\u00efta &#8220;Mirar el plat per transformar el m\u00f3n&#8221;. Durant els mesos d\u2019octubre i novembre ha organitzat dues sessions de formaci\u00f3, dues d\u2019assessorament per [&hellip;]<\/p>\n","protected":false},"author":38,"featured_media":537,"comment_status":"closed","ping_status":"open","sticky":false,"template":"","format":"standard","meta":{"_oasis_is_in_workflow":0,"_oasis_original":0,"ngg_post_thumbnail":0},"categories":[1],"tags":[110,23],"_links":{"self":[{"href":"https:\/\/blogs.amb.cat\/alimentaciometropolitana\/wp-json\/wp\/v2\/posts\/536"}],"collection":[{"href":"https:\/\/blogs.amb.cat\/alimentaciometropolitana\/wp-json\/wp\/v2\/posts"}],"about":[{"href":"https:\/\/blogs.amb.cat\/alimentaciometropolitana\/wp-json\/wp\/v2\/types\/post"}],"author":[{"embeddable":true,"href":"https:\/\/blogs.amb.cat\/alimentaciometropolitana\/wp-json\/wp\/v2\/users\/38"}],"replies":[{"embeddable":true,"href":"https:\/\/blogs.amb.cat\/alimentaciometropolitana\/wp-json\/wp\/v2\/comments?post=536"}],"version-history":[{"count":3,"href":"https:\/\/blogs.amb.cat\/alimentaciometropolitana\/wp-json\/wp\/v2\/posts\/536\/revisions"}],"predecessor-version":[{"id":549,"href":"https:\/\/blogs.amb.cat\/alimentaciometropolitana\/wp-json\/wp\/v2\/posts\/536\/revisions\/549"}],"wp:featuredmedia":[{"embeddable":true,"href":"https:\/\/blogs.amb.cat\/alimentaciometropolitana\/wp-json\/wp\/v2\/media\/537"}],"wp:attachment":[{"href":"https:\/\/blogs.amb.cat\/alimentaciometropolitana\/wp-json\/wp\/v2\/media?parent=536"}],"wp:term":[{"taxonomy":"category","embeddable":true,"href":"https:\/\/blogs.amb.cat\/alimentaciometropolitana\/wp-json\/wp\/v2\/categories?post=536"},{"taxonomy":"post_tag","embeddable":true,"href":"https:\/\/blogs.amb.cat\/alimentaciometropolitana\/wp-json\/wp\/v2\/tags?post=536"}],"curies":[{"name":"wp","href":"https:\/\/api.w.org\/{rel}","templated":true}]}}