
 







{"id":539,"date":"2021-09-22T11:51:00","date_gmt":"2021-09-22T09:51:00","guid":{"rendered":"https:\/\/blogs.amb.cat\/alimentaciometropolitana\/?p=539"},"modified":"2021-09-29T09:02:41","modified_gmt":"2021-09-29T07:02:41","slug":"itinerari-identitats-i-sabers-diversos-en-lalimentacio-sostenible","status":"publish","type":"post","link":"https:\/\/blogs.amb.cat\/alimentaciometropolitana\/2021\/09\/22\/itinerari-identitats-i-sabers-diversos-en-lalimentacio-sostenible\/","title":{"rendered":"Itinerari &#8220;Identitats i sabers diversos en l\u2019alimentaci\u00f3 sostenible&#8221;"},"content":{"rendered":"\n<p class=\"has-medium-font-size\">Ruta amb la participaci\u00f3 de projectes agroalimentaris amb persones migrades i d\u2019or\u00edgens diversos<\/p>\n\n\n\n<p>\u00c9s l\u2019alimentaci\u00f3 sostenible sensible a les necessitats aliment\u00e0ries de les diverses identitats culturals presents a la ciutat? Quins valors aporten els sabers i experi\u00e8ncies de les persones migrades i racialitzades que lideren iniciatives agroaliment\u00e0ries al disseny d\u2019una alimentaci\u00f3 sostenible i a la sobirania aliment\u00e0ria?<\/p>\n\n\n\n<p>Aquestes preguntes s\u00f3n els punts de partida de l&#8217;itinerari &#8220;Identitats i sabers diversos en l\u2019alimentaci\u00f3 sostenible&#8221;, que dimecres 29 de setembre arrencar\u00e0 a Can Batll\u00f3 (Barcelona) a les 18.30 h.<\/p>\n\n\n\n<p>Es tracta d\u2019una ruta del projecte <a href=\"https:\/\/letnografica.org\/alimentacio-de-proximitat-per-a-tothom\/\" target=\"_blank\" rel=\"noreferrer noopener\">APPAT<\/a>, impulsat per L\u2019Etnogr\u00e0fica i amb el suport de l\u2019Ajuntament de Barcelona i Barcelona Activa, per compartir idees, reflexions i debat sobre l\u2019acc\u00e9s a una alimentaci\u00f3 justa i culturalment adequada per a tothom des d\u2019una perspectiva antropol\u00f2gica.<\/p>\n\n\n\n<p>\u201cEs visitaran espais on s\u2019hi practiquen activitats aliment\u00e0ries, per tal de visibilitzar la import\u00e0ncia de les hortes i les llavors en el reconeixement d\u2019identitats i sabers diversos; la conflu\u00e8ncia de la mirada intercultural, l&#8217;antiracisme i la proximitat geogr\u00e0fica i identit\u00e0ria en les ofertes gastron\u00f2miques de consum responsable ens ajudaran a emmarcar la reflexi\u00f3 en un espai de di\u00e0leg al final de la ruta al voltant del model de producci\u00f3, distribuci\u00f3 i consum que volem per alimentar la ciutat\u201d, expliquen els organitzadors.<\/p>\n\n\n\n<p>Podeu trobar m\u00e9s informaci\u00f3 i inscriure-us-hi <a href=\"https:\/\/letnografica.org\/itinerari-identitats-i-sabers-diversos-en-lalimentacio-sostenible\/\" target=\"_blank\" rel=\"noreferrer noopener\">aqu\u00ed<\/a>.<\/p>\n","protected":false},"excerpt":{"rendered":"<p>Ruta amb la participaci\u00f3 de projectes agroalimentaris amb persones migrades i d\u2019or\u00edgens diversos \u00c9s l\u2019alimentaci\u00f3 sostenible sensible a les necessitats aliment\u00e0ries de les diverses identitats culturals presents a la ciutat? Quins valors aporten els sabers i experi\u00e8ncies de les persones migrades i racialitzades que lideren iniciatives agroaliment\u00e0ries al disseny d\u2019una alimentaci\u00f3 sostenible i a la [&hellip;]<\/p>\n","protected":false},"author":38,"featured_media":540,"comment_status":"closed","ping_status":"open","sticky":false,"template":"","format":"standard","meta":{"_oasis_is_in_workflow":0,"_oasis_original":0,"ngg_post_thumbnail":0},"categories":[1],"tags":[14],"_links":{"self":[{"href":"https:\/\/blogs.amb.cat\/alimentaciometropolitana\/wp-json\/wp\/v2\/posts\/539"}],"collection":[{"href":"https:\/\/blogs.amb.cat\/alimentaciometropolitana\/wp-json\/wp\/v2\/posts"}],"about":[{"href":"https:\/\/blogs.amb.cat\/alimentaciometropolitana\/wp-json\/wp\/v2\/types\/post"}],"author":[{"embeddable":true,"href":"https:\/\/blogs.amb.cat\/alimentaciometropolitana\/wp-json\/wp\/v2\/users\/38"}],"replies":[{"embeddable":true,"href":"https:\/\/blogs.amb.cat\/alimentaciometropolitana\/wp-json\/wp\/v2\/comments?post=539"}],"version-history":[{"count":5,"href":"https:\/\/blogs.amb.cat\/alimentaciometropolitana\/wp-json\/wp\/v2\/posts\/539\/revisions"}],"predecessor-version":[{"id":572,"href":"https:\/\/blogs.amb.cat\/alimentaciometropolitana\/wp-json\/wp\/v2\/posts\/539\/revisions\/572"}],"wp:featuredmedia":[{"embeddable":true,"href":"https:\/\/blogs.amb.cat\/alimentaciometropolitana\/wp-json\/wp\/v2\/media\/540"}],"wp:attachment":[{"href":"https:\/\/blogs.amb.cat\/alimentaciometropolitana\/wp-json\/wp\/v2\/media?parent=539"}],"wp:term":[{"taxonomy":"category","embeddable":true,"href":"https:\/\/blogs.amb.cat\/alimentaciometropolitana\/wp-json\/wp\/v2\/categories?post=539"},{"taxonomy":"post_tag","embeddable":true,"href":"https:\/\/blogs.amb.cat\/alimentaciometropolitana\/wp-json\/wp\/v2\/tags?post=539"}],"curies":[{"name":"wp","href":"https:\/\/api.w.org\/{rel}","templated":true}]}}