
 







{"id":542,"date":"2021-09-27T07:53:00","date_gmt":"2021-09-27T05:53:00","guid":{"rendered":"https:\/\/blogs.amb.cat\/alimentaciometropolitana\/?p=542"},"modified":"2021-09-29T08:59:46","modified_gmt":"2021-09-29T06:59:46","slug":"la-trobada-estatal-dhorts-urbans-entre-sant-feliu-i-barcelona","status":"publish","type":"post","link":"https:\/\/blogs.amb.cat\/alimentaciometropolitana\/2021\/09\/27\/la-trobada-estatal-dhorts-urbans-entre-sant-feliu-i-barcelona\/","title":{"rendered":"La Trobada estatal d\u2019horts urbans, entre Sant Feliu i Barcelona"},"content":{"rendered":"\n<p class=\"has-medium-font-size\">Se celebrar\u00e0 els dies 5, 8, 9 i 10 d\u2019octubre<\/p>\n\n\n\n<p>La <a href=\"\/\/huertosurbanos.red\/?utm_source=phplist49&amp;utm_medium=email&amp;utm_content=HTML&amp;utm_campaign=Encuentro%20Estatal%20de%20Huertos%20Urbanos\" target=\"_blank\" rel=\"noreferrer noopener\">Trobada estatal d\u2019horts urbans<\/a>, l\u2019espai en qu\u00e8 els participants de les diverses formes d\u2019agricultura urbana es reuneixen i intercanvien punts de vista, idees i projectes, enguany se celebrar\u00e0 entre Sant Feliu de Llobregat i Barcelona.<\/p>\n\n\n\n<p>La convocat\u00f2ria arrencar\u00e0 la tarda del dimecres 5 d\u2019octubre amb la taula rodona &#8220;L\u2019agricultura urbana des de la mirada de les administracions&#8221;. Ser\u00e0 un acte en l\u00ednia on representants de Madrid, Barcelona, Lucena (C\u00f2rdova), C\u00f2rdova i Val\u00e8ncia explicaran la seva experi\u00e8ncia.<\/p>\n\n\n\n<p>Entre divendres 8 d\u2019octubre i diumenge 10 hi haur\u00e0 les jornades presencials. Comen\u00e7aran a Sant Feliu de Llobregat, als horts socials, amb un dinar, presentaci\u00f3, taula rodona, visita als horts i dues xerrades sobre contaminaci\u00f3 i t\u00e8cniques agr\u00edcoles per adaptar-se al canvi clim\u00e0tic. Dissabte la cita ser\u00e0 a Barcelona, als Jardins del Doctor Pla i Armengol, amb tallers, horts terap\u00e8utics i diversos grups de treball. L\u2019endem\u00e0, diumenge 10, tindr\u00e0 lloc una gimcana hort\u00edcola, un acte sobre sobirania aliment\u00e0ria, un dinar i un taller sobre conreus als escocells.<\/p>\n\n\n\n<p>L\u2019organitzaci\u00f3 proposa tres maneres de participar-hi: inscripci\u00f3 general a tots els actes programats (amb un cost de 25 euros), com a voluntari (gratu\u00efta) o nom\u00e9s a la gimcana (gratu\u00efta).<\/p>\n\n\n\n<p>Podeu consultar el programa <a href=\"https:\/\/huertosurbanos.red\/?utm_source=phplist49&amp;utm_medium=email&amp;utm_content=HTML&amp;utm_campaign=Encuentro%20Estatal%20de%20Huertos%20Urbanos\" target=\"_blank\" rel=\"noreferrer noopener\">aqu\u00ed<\/a> i inscriure-us-hi <a href=\"https:\/\/greencitylab.playoffinformatica.com\/preinscripcion\/10\/Encuentro-estatal-Inscripcion\/\" target=\"_blank\" rel=\"noreferrer noopener\">aqu\u00ed<\/a>. L\u2019acte compta amb el suport de l\u2019AMB.<\/p>\n","protected":false},"excerpt":{"rendered":"<p>Se celebrar\u00e0 els dies 5, 8, 9 i 10 d\u2019octubre La Trobada estatal d\u2019horts urbans, l\u2019espai en qu\u00e8 els participants de les diverses formes d\u2019agricultura urbana es reuneixen i intercanvien punts de vista, idees i projectes, enguany se celebrar\u00e0 entre Sant Feliu de Llobregat i Barcelona. La convocat\u00f2ria arrencar\u00e0 la tarda del dimecres 5 d\u2019octubre [&hellip;]<\/p>\n","protected":false},"author":38,"featured_media":543,"comment_status":"closed","ping_status":"open","sticky":false,"template":"","format":"standard","meta":{"_oasis_is_in_workflow":0,"_oasis_original":0,"ngg_post_thumbnail":0},"categories":[1],"tags":[111],"_links":{"self":[{"href":"https:\/\/blogs.amb.cat\/alimentaciometropolitana\/wp-json\/wp\/v2\/posts\/542"}],"collection":[{"href":"https:\/\/blogs.amb.cat\/alimentaciometropolitana\/wp-json\/wp\/v2\/posts"}],"about":[{"href":"https:\/\/blogs.amb.cat\/alimentaciometropolitana\/wp-json\/wp\/v2\/types\/post"}],"author":[{"embeddable":true,"href":"https:\/\/blogs.amb.cat\/alimentaciometropolitana\/wp-json\/wp\/v2\/users\/38"}],"replies":[{"embeddable":true,"href":"https:\/\/blogs.amb.cat\/alimentaciometropolitana\/wp-json\/wp\/v2\/comments?post=542"}],"version-history":[{"count":5,"href":"https:\/\/blogs.amb.cat\/alimentaciometropolitana\/wp-json\/wp\/v2\/posts\/542\/revisions"}],"predecessor-version":[{"id":570,"href":"https:\/\/blogs.amb.cat\/alimentaciometropolitana\/wp-json\/wp\/v2\/posts\/542\/revisions\/570"}],"wp:featuredmedia":[{"embeddable":true,"href":"https:\/\/blogs.amb.cat\/alimentaciometropolitana\/wp-json\/wp\/v2\/media\/543"}],"wp:attachment":[{"href":"https:\/\/blogs.amb.cat\/alimentaciometropolitana\/wp-json\/wp\/v2\/media?parent=542"}],"wp:term":[{"taxonomy":"category","embeddable":true,"href":"https:\/\/blogs.amb.cat\/alimentaciometropolitana\/wp-json\/wp\/v2\/categories?post=542"},{"taxonomy":"post_tag","embeddable":true,"href":"https:\/\/blogs.amb.cat\/alimentaciometropolitana\/wp-json\/wp\/v2\/tags?post=542"}],"curies":[{"name":"wp","href":"https:\/\/api.w.org\/{rel}","templated":true}]}}