
 







{"id":57,"date":"2021-04-13T11:05:00","date_gmt":"2021-04-13T09:05:00","guid":{"rendered":"https:\/\/blogs.amb.cat\/alimentaciometropolitana\/?p=57"},"modified":"2021-05-13T00:15:27","modified_gmt":"2021-05-12T22:15:27","slug":"menys-de-quatre-setmanes-per-ajudar-lolivera-a-replantar-vinya-a-collserola","status":"publish","type":"post","link":"https:\/\/blogs.amb.cat\/alimentaciometropolitana\/2021\/04\/13\/menys-de-quatre-setmanes-per-ajudar-lolivera-a-replantar-vinya-a-collserola\/","title":{"rendered":"Menys de quatre setmanes per ajudar L\u2019Olivera a replantar vinya a Collserola"},"content":{"rendered":"\n<p class=\"has-medium-font-size\">La cooperativa ha obert una ronda de micromecenatge per consolidar el vi Barcelona<\/p>\n\n\n\n<p>\u201cPlantem un cep a Barcelona\u201d. Aquest \u00e9s el lema de la <a href=\"https:\/\/ca.goteo.org\/project\/plantem-un-cep-a-barcelona\" target=\"_blank\" rel=\"noreferrer noopener\">campanya de micromecenatge<\/a> que ha encetat la cooperativa <a href=\"https:\/\/olivera.org\/ca\/\" target=\"_blank\" rel=\"noreferrer noopener\">L\u2019Olivera<\/a> per garantir les 0,4 hect\u00e0rees de vinya que va plantar l\u2019any passat i afrontar la plantaci\u00f3 d\u2019enguany a Can Calopa, una masia de la serra de Collserola.<\/p>\n\n\n\n<p>Fins ara l\u2019entitat ha aconseguit 19.117 euros, per\u00f2 voldria arribar als 24.017 per assegurar el finan\u00e7ament dels objectius que s\u2019ha proposat.<\/p>\n\n\n\n<p>Fa 20 anys l\u2019Ajuntament de Barcelona va plantar 3,5 hect\u00e0rees de ceps de varietats mediterr\u00e0nies a la finca de Can Calopa per elaborar un vi que represent\u00e9s la ciutat. L\u2019Olivera gestiona el projecte des de 2010 amb l\u2019objectiu de transformar-lo en una iniciativa d\u2019agricultura social, sostenible a llarg termini i amb un enfoc productiu. El resultat \u00e9s Vinyes de Barcelona, un vi amb garnatxa i sir\u00e0.<\/p>\n\n\n\n<p>Aquesta crida per cofinan\u00e7ar les vinyes de Can Calopa no nom\u00e9s permetr\u00e0 consolidar el projecte, sin\u00f3 que tamb\u00e9 posar el seu gra de sorra per fer avan\u00e7ar la transformaci\u00f3 agroecol\u00f2gica de Collserola i per fomentar l\u2019economia social i solid\u00e0ria.<\/p>\n\n\n\n<p>Podeu col\u00b7laborar des de l\u2019espai de L\u2019Olivera a Goteo.<\/p>\n","protected":false},"excerpt":{"rendered":"<p>La cooperativa ha obert una ronda de micromecenatge per consolidar el vi Barcelona \u201cPlantem un cep a Barcelona\u201d. Aquest \u00e9s el lema de la campanya de micromecenatge que ha encetat la cooperativa L\u2019Olivera per garantir les 0,4 hect\u00e0rees de vinya que va plantar l\u2019any passat i afrontar la plantaci\u00f3 d\u2019enguany a Can Calopa, una masia [&hellip;]<\/p>\n","protected":false},"author":38,"featured_media":58,"comment_status":"closed","ping_status":"open","sticky":false,"template":"","format":"standard","meta":{"_oasis_is_in_workflow":0,"_oasis_original":0,"ngg_post_thumbnail":0},"categories":[1],"tags":[20,22,21],"_links":{"self":[{"href":"https:\/\/blogs.amb.cat\/alimentaciometropolitana\/wp-json\/wp\/v2\/posts\/57"}],"collection":[{"href":"https:\/\/blogs.amb.cat\/alimentaciometropolitana\/wp-json\/wp\/v2\/posts"}],"about":[{"href":"https:\/\/blogs.amb.cat\/alimentaciometropolitana\/wp-json\/wp\/v2\/types\/post"}],"author":[{"embeddable":true,"href":"https:\/\/blogs.amb.cat\/alimentaciometropolitana\/wp-json\/wp\/v2\/users\/38"}],"replies":[{"embeddable":true,"href":"https:\/\/blogs.amb.cat\/alimentaciometropolitana\/wp-json\/wp\/v2\/comments?post=57"}],"version-history":[{"count":1,"href":"https:\/\/blogs.amb.cat\/alimentaciometropolitana\/wp-json\/wp\/v2\/posts\/57\/revisions"}],"predecessor-version":[{"id":59,"href":"https:\/\/blogs.amb.cat\/alimentaciometropolitana\/wp-json\/wp\/v2\/posts\/57\/revisions\/59"}],"wp:featuredmedia":[{"embeddable":true,"href":"https:\/\/blogs.amb.cat\/alimentaciometropolitana\/wp-json\/wp\/v2\/media\/58"}],"wp:attachment":[{"href":"https:\/\/blogs.amb.cat\/alimentaciometropolitana\/wp-json\/wp\/v2\/media?parent=57"}],"wp:term":[{"taxonomy":"category","embeddable":true,"href":"https:\/\/blogs.amb.cat\/alimentaciometropolitana\/wp-json\/wp\/v2\/categories?post=57"},{"taxonomy":"post_tag","embeddable":true,"href":"https:\/\/blogs.amb.cat\/alimentaciometropolitana\/wp-json\/wp\/v2\/tags?post=57"}],"curies":[{"name":"wp","href":"https:\/\/api.w.org\/{rel}","templated":true}]}}