
 







{"id":577,"date":"2021-10-04T12:51:00","date_gmt":"2021-10-04T10:51:00","guid":{"rendered":"https:\/\/blogs.amb.cat\/alimentaciometropolitana\/?p=577"},"modified":"2021-10-26T10:38:11","modified_gmt":"2021-10-26T08:38:11","slug":"octubre-mes-de-celebracio-de-lalimentacio-sostenible","status":"publish","type":"post","link":"https:\/\/blogs.amb.cat\/alimentaciometropolitana\/2021\/10\/04\/octubre-mes-de-celebracio-de-lalimentacio-sostenible\/","title":{"rendered":"Octubre, mes de celebraci\u00f3 de l\u2019alimentaci\u00f3 sostenible"},"content":{"rendered":"\n<p class=\"has-medium-font-size\">El territori metropolit\u00e0 acull diversos actes i accions durant aquest mes<\/p>\n\n\n\n<p>El calendari d\u2019activitats relacionades amb l&#8217;alimentaci\u00f3 sostenible s\u2019accelera aquest mes d\u2019octubre. Aix\u00ed, a m\u00e9s de trobades internacionals com el <a href=\"https:\/\/blogs.amb.cat\/alimentaciometropolitana\/2021\/09\/16\/compte-enrere-per-a-la-celebracio-del-7e-global-forum-del-pacte-de-ciutats-de-mila\/\">7\u00e8 Global Forum del Pacte de Ciutats de Mil\u00e0<\/a> (19-21 d\u2019octubre), Barcelona i altres municipis metropolitans seran la seu de tallers, jornades, presentacions i taules de debat amb l\u2019alimentaci\u00f3 com a protagonista.<\/p>\n\n\n\n<p><strong>Dimarts 5<\/strong> l\u2019\u00c0rea de Desenvolupament Social i Econ\u00f2mic de l\u2019\u00c0rea Metropolitana de Barcelona (AMB) organitza la <a href=\"https:\/\/www.amb.cat\/ca\/web\/desenvolupament-socioeconomic\/agenda\/detall\/-\/activitat\/experiencies-en-garantia-alimentaria\/11609819\/11708?_ActivitatSearchListPortlet_WAR_AMBSearchPortletportlet_pageNum=1&amp;_ActivitatSearchListPortlet_WAR_AMBSearchPortletportlet_detailBackURL=%2Fweb%2Famb%2Fagenda%2Fllistat\">Jornada sobre Experi\u00e8ncies Municipals en Garantia Aliment\u00e0ria<\/a>. Ser\u00e0 un acte en l\u00ednia, de 9.30 a 11.30 h, amb intervenci\u00f3 de Montse Ballar\u00edn, vicepresidenta de l&#8217;\u00c0rea de Desenvolupament Social i Econ\u00f2mic de l&#8217;AMB, Jos\u00e9 Luis Haro, coordinador d&#8217;Economies Emergents de l&#8217;AMB de l&#8217;Ag\u00e8ncia de Desenvolupament Econ\u00f2mic, la presentaci\u00f3 d&#8217;experi\u00e8ncies municipals en garantia aliment\u00e0ria (amb moderaci\u00f3 de Guillem Espriu, coordinador de Programes de Pol\u00edtiques Socials de l&#8217;\u00c0rea de Desenvolupament Social i Econ\u00f2mic) i cloenda a c\u00e0rrec d\u2019H\u00e9ctor Santcovsky, director de l&#8217;\u00c0rea de Desenvolupament Social i Econ\u00f2mic.<\/p>\n\n\n\n<p>:: Podeu descarregar el programa i apuntar-vos-hi <a href=\"https:\/\/docs.amb.cat\/alfresco\/api\/-default-\/public\/alfresco\/versions\/1\/nodes\/71742284-8561-47f1-b849-536fb1ebb2c7\/content\/20211005_Programa_Garantia_alimentaria.pdf?attachment=false&amp;mimeType=application\/pdf&amp;sizeInBytes=133648\">aqu\u00ed<\/a> ::<\/p>\n\n\n\n<p><strong>Dimecres 6 <\/strong>d\u2019octubre tindr\u00e0 lloc el debat <a rel=\"noreferrer noopener\" href=\"https:\/\/palaumacaya.org\/ca\/p\/els-parcs-agraris-elements-clau-per-a-la-transicio_a31969609\" target=\"_blank\">\u201cEls parcs agraris, elements clau per a la transici\u00f3 cap a un nou model alimentari\u201d<\/a>, amb intervenci\u00f3 de Josep A. B\u00e1guena, president de la Societat Catalana d\u2019Ordenaci\u00f3 del Territori (SCOT), Olivier Chantry, responsable de Biodiversitat i Clima de la Uni\u00f3 de Pagesos del Baix Llobregat, Antoni Enjuanes, subdirector general d\u2019Infraestructures Rurals, Departament d\u2019Acci\u00f3 Clim\u00e0tica, Alimentaci\u00f3 i Agenda Rural de la Generalitat de Catalunya, i S\u00f2nia Callau, cap de la Unitat de Suport als Espais Agraris en l\u2019\u00c0rea de Territori i Sostenibilitat de la Diputaci\u00f3 de Barcelona. Moderar\u00e0 la taula la periodista Anna Grimau.<\/p>\n\n\n\n<p>El debat tindr\u00e0 lloc al Palau Macaya i l\u2019acc\u00e9s \u00e9s obert i gratu\u00eft, amb reserva pr\u00e8via <a href=\"https:\/\/proticketing.com\/palaumacaya\/ca_ES\/entradas\/evento\/21350\/session\/1223998\/select\" target=\"_blank\" rel=\"noreferrer noopener\">aqu\u00ed<\/a>.<\/p>\n\n\n\n<p><strong>Divendres 8<\/strong> l\u2019AMB ha organitzat la jornada &#8220;Compartim l&#8217;alimentaci\u00f3 del futur: jo no devoro el planeta!\u201d, en qu\u00e8 s\u2019hi presentar\u00e0 la Calcuteca, una eina per con\u00e8ixer millor el grau de sostenibilitat que t\u00e9 tot all\u00f2 que mengem i per buscar les alternatives m\u00e9s sostenibles. A l\u2019acte, amb intervenci\u00f3 d\u2019Eloi Badia, vicepresident de l\u2019\u00c0rea d\u2019Ecologia de l\u2019AMB, Carles Xifra, director d\u2019Innovaci\u00f3 i Continguts de Fundesplai, i Imma Mayol, directora de l\u2019\u00c0rea Ecologia de l\u2019AMB, tamb\u00e9 s\u2019hi llen\u00e7ar\u00e0 el repte #JoNoDevoroElPlaneta, a c\u00e0rrec d&#8217;Ada Parellada, xef del restaurant Semproniana.<\/p>\n\n\n\n<p>La jornada es dur\u00e0 a terme a Fundasplai (el Prat de Llobregat), de 9.30 a 10.30 h, i tamb\u00e9 es podr\u00e0 seguir per <em>streaming<\/em>. Podeu consultar el programa, inscriure-us-hi o seguir el directe en l\u00ednia <a href=\"https:\/\/www.amb.cat\/web\/ecologia\/agenda\/detall\/-\/activitat\/compartim-l-alimentacio-del-futur--jo-no-devoro-el-planeta-\/11642356\/11818\">aqu\u00ed<\/a>.<\/p>\n\n\n\n<p><strong>Divendres 8<\/strong> a Santa Coloma de Gramenet s\u2019hi presentar\u00e0 el <a href=\"https:\/\/blogs.amb.cat\/alimentaciometropolitana\/2021\/09\/27\/la-tardor-al-plat-amb-el-nou-menu-de-les-estacions\/\">Men\u00fa de les estacions de tardor<\/a> a partir de les 10 h.<\/p>\n\n\n\n<p>I tamb\u00e9 a Santa Coloma, el mateix <strong>divendres 8 i dissabte 9<\/strong> tindran lloc les jornades \u201cAlimentaci\u00f3 i sostenibilitat: una perspectiva culin\u00e0ria, acad\u00e8mica i social\u201d, organitzades per l\u2019Ajuntament de la ciutat, el Campus de l\u2019Alimentaci\u00f3 de la Universitat de Barcelona i amb la col\u00b7laboraci\u00f3 de l\u2019\u00c0rea Metropolitana de Barcelona.<\/p>\n\n\n\n<p>Durant dos dies, experts del m\u00f3n acad\u00e8mic, la restauraci\u00f3 i el teixit social exposaran diferents temes sobre sostenibilitat en l\u2019\u00e0mbit de l\u2019alimentaci\u00f3: des de la recerca i la innovaci\u00f3, les tend\u00e8ncies diet\u00e8tiques, la pr\u00e0ctica a la cuina professional o la creaci\u00f3 d\u2019h\u00e0bits saludables fins a altres aspectes des de la perspectiva de g\u00e8nere, de la formaci\u00f3 i de l\u2019economia.<\/p>\n\n\n\n<p>Aquestes jornades se celebraran al Campus de l\u2019Alimentaci\u00f3 (Recinte Torribera) i a La Ciba, un espai de recursos per a dones, innovaci\u00f3 i economia feminista.<\/p>\n\n\n\n<p>Podeu consultar el <a href=\"https:\/\/www.gramenet.cat\/ciutat\/ciutat-universitaria\/jornades-alimentacio-i-sostenibilitat\/\">programa<\/a> i inscriure-us-hi <a href=\"https:\/\/www.gramenet.cat\/ciutat\/ciutat-universitaria\/jornades-alimentacio-i-sostenibilitat\/\">aqu\u00ed<\/a>.<\/p>\n\n\n\n<p><strong>Segona quinzena d\u2019octubre<\/strong><br>Entre el 15 i el 24 d\u2019octubre ser\u00e0 el torn de la<a href=\"https:\/\/alimentaciosostenible.barcelona\/ca\/setmana-ciutadana\" target=\"_blank\" rel=\"noreferrer noopener\"> Setmana Ciutadana de l&#8217;Alimentaci\u00f3<\/a>, amb el <a href=\"https:\/\/blogs.amb.cat\/alimentaciometropolitana\/2021\/07\/29\/el-forum-gastronomic-2021-compromes-amb-lhostaleria-i-lalimentacio-sostenible\/\">F\u00f2rum Gastron\u00f2mic<\/a>, el <a href=\"https:\/\/blogs.amb.cat\/alimentaciometropolitana\/2021\/09\/16\/compte-enrere-per-a-la-celebracio-del-7e-global-forum-del-pacte-de-ciutats-de-mila\/\">F\u00f2rum global del pacte de Mil\u00e0<\/a> i l\u2019\u00faltima sessi\u00f3 de les <a href=\"https:\/\/blogs.amb.cat\/alimentaciometropolitana\/2021\/09\/08\/acces-a-lalimentacio-sostenible-proxima-parada-de-la-taula-de-participacio-i-debat-de-lamb\/\">Taules de participaci\u00f3 i debat de l\u2019AMB<\/a>, en aquest cas dedicada a l\u2019agricultura i l\u2019alimentaci\u00f3 metropolitanes.<\/p>\n\n\n\n<p>El <a href=\"https:\/\/www.museudelapagesia.cat\/\" target=\"_blank\" rel=\"noreferrer noopener\">Museu de la Pagesia<\/a> de Castellbisbal tamb\u00e9 se suma a la Setmana Ciutadana de l\u2019Alimentaci\u00f3 amb una recepta saludable, elaborada per la cuinera Ada Parellada, el dissabte 16. I abans que acabi el mes, el mic\u00f2leg i divulgador Marc Casabosch explicar\u00e0 com aprofitar els bolets silvestres (30 d\u2019octubre).<\/p>\n\n\n\n<p>Finalment, durant tot l\u2019octubre i novembre l\u2019exposici\u00f3 <a href=\"https:\/\/blogs.amb.cat\/alimentaciometropolitana\/2021\/06\/02\/lexposicio-artistes-amb-tractor-arriba-a-sant-miquel-de-campmajor-i-rotara-per-una-trentena-de-micropobles\/\">\u201cArtistes amb tractor\u201d<\/a>, que reivindica el paper central de la pagesia en l\u2019alimentaci\u00f3 contempor\u00e0nia, continuar\u00e0 girant per diversos municipis de Catalunya i arribar\u00e0 a les comarques tarragonines.<\/p>\n","protected":false},"excerpt":{"rendered":"<p>El territori metropolit\u00e0 acull diversos actes i accions durant aquest mes El calendari d\u2019activitats relacionades amb l&#8217;alimentaci\u00f3 sostenible s\u2019accelera aquest mes d\u2019octubre. Aix\u00ed, a m\u00e9s de trobades internacionals com el 7\u00e8 Global Forum del Pacte de Ciutats de Mil\u00e0 (19-21 d\u2019octubre), Barcelona i altres municipis metropolitans seran la seu de tallers, jornades, presentacions i taules [&hellip;]<\/p>\n","protected":false},"author":38,"featured_media":574,"comment_status":"closed","ping_status":"open","sticky":false,"template":"","format":"standard","meta":{"_oasis_is_in_workflow":0,"_oasis_original":0,"ngg_post_thumbnail":0},"categories":[1],"tags":[14,10,112,47,68],"_links":{"self":[{"href":"https:\/\/blogs.amb.cat\/alimentaciometropolitana\/wp-json\/wp\/v2\/posts\/577"}],"collection":[{"href":"https:\/\/blogs.amb.cat\/alimentaciometropolitana\/wp-json\/wp\/v2\/posts"}],"about":[{"href":"https:\/\/blogs.amb.cat\/alimentaciometropolitana\/wp-json\/wp\/v2\/types\/post"}],"author":[{"embeddable":true,"href":"https:\/\/blogs.amb.cat\/alimentaciometropolitana\/wp-json\/wp\/v2\/users\/38"}],"replies":[{"embeddable":true,"href":"https:\/\/blogs.amb.cat\/alimentaciometropolitana\/wp-json\/wp\/v2\/comments?post=577"}],"version-history":[{"count":3,"href":"https:\/\/blogs.amb.cat\/alimentaciometropolitana\/wp-json\/wp\/v2\/posts\/577\/revisions"}],"predecessor-version":[{"id":583,"href":"https:\/\/blogs.amb.cat\/alimentaciometropolitana\/wp-json\/wp\/v2\/posts\/577\/revisions\/583"}],"wp:featuredmedia":[{"embeddable":true,"href":"https:\/\/blogs.amb.cat\/alimentaciometropolitana\/wp-json\/wp\/v2\/media\/574"}],"wp:attachment":[{"href":"https:\/\/blogs.amb.cat\/alimentaciometropolitana\/wp-json\/wp\/v2\/media?parent=577"}],"wp:term":[{"taxonomy":"category","embeddable":true,"href":"https:\/\/blogs.amb.cat\/alimentaciometropolitana\/wp-json\/wp\/v2\/categories?post=577"},{"taxonomy":"post_tag","embeddable":true,"href":"https:\/\/blogs.amb.cat\/alimentaciometropolitana\/wp-json\/wp\/v2\/tags?post=577"}],"curies":[{"name":"wp","href":"https:\/\/api.w.org\/{rel}","templated":true}]}}