
 







{"id":615,"date":"2021-10-12T23:36:00","date_gmt":"2021-10-12T21:36:00","guid":{"rendered":"https:\/\/blogs.amb.cat\/alimentaciometropolitana\/?p=615"},"modified":"2021-10-26T10:35:44","modified_gmt":"2021-10-26T08:35:44","slug":"jornada-tecnica-per-aprofitar-els-aliments","status":"publish","type":"post","link":"https:\/\/blogs.amb.cat\/alimentaciometropolitana\/2021\/10\/12\/jornada-tecnica-per-aprofitar-els-aliments\/","title":{"rendered":"Jornada t\u00e8cnica per aprofitar els aliments"},"content":{"rendered":"\n<p class=\"has-medium-font-size\">Divendres 15 d\u2019octubre a l\u2019Institut d\u2019Estudis Catalans<\/p>\n\n\n\n<p>Com treure el m\u00e0xim profit als aliments \u00e9s l\u2019eix central de la Jornada per l\u2019Aprofitament dels Aliments i Sistemes Agroalimentaris M\u00e9s Sostenibles, que arriba a la cinquena edici\u00f3. Una trobada que tindr\u00e0 lloc el mat\u00ed de divendres 15 d\u2019octubre a l\u2019Institut d\u2019Estudis Catalans i que es podr\u00e0 seguir presencialment o en <em>streaming<\/em>.<\/p>\n\n\n\n<p>Experts de l\u2019\u00e0mbit de la recerca, la gesti\u00f3 i l\u2019empresa intervindran als quatre blocs en qu\u00e8 s\u2019ha organitzat la jornada, que finalitzar\u00e0 amb el lliurament dels premis de la 3a Hackathon de l\u2019Alimentaci\u00f3 Sostenible i del Premi al Voluntariat \u201cPosa el focus en l\u2019aprofitament alimentari\u201d.<\/p>\n\n\n\n<p>La reuni\u00f3, que comen\u00e7ar\u00e0 a les 9 h, arrencar\u00e0 amb converses sobre els camins que cal seguir per transitar cap a sistemes agroalimentaris m\u00e9s sostenibles, mentre que a la segona part el m\u00f3n local i de l\u2019empresa debatran sobre la import\u00e0ncia del consum preferent.<\/p>\n\n\n\n<p>Podeu consultar el programa i inscriure-us-hi <a rel=\"noreferrer noopener\" href=\"http:\/\/agricultura.gencat.cat\/web\/.content\/05-formacio-innovacio\/jornades-tecniques\/enllacos-documents\/2021\/fitxers-binaris\/Barcelona_aprofitar-aliments_1510_210514.pdf\" target=\"_blank\">aqu\u00ed<\/a>.<\/p>\n","protected":false},"excerpt":{"rendered":"<p>Divendres 15 d\u2019octubre a l\u2019Institut d\u2019Estudis Catalans Com treure el m\u00e0xim profit als aliments \u00e9s l\u2019eix central de la Jornada per l\u2019Aprofitament dels Aliments i Sistemes Agroalimentaris M\u00e9s Sostenibles, que arriba a la cinquena edici\u00f3. Una trobada que tindr\u00e0 lloc el mat\u00ed de divendres 15 d\u2019octubre a l\u2019Institut d\u2019Estudis Catalans i que es podr\u00e0 seguir [&hellip;]<\/p>\n","protected":false},"author":38,"featured_media":616,"comment_status":"closed","ping_status":"open","sticky":false,"template":"","format":"standard","meta":{"_oasis_is_in_workflow":0,"_oasis_original":0,"ngg_post_thumbnail":0},"categories":[1],"tags":[86,23],"_links":{"self":[{"href":"https:\/\/blogs.amb.cat\/alimentaciometropolitana\/wp-json\/wp\/v2\/posts\/615"}],"collection":[{"href":"https:\/\/blogs.amb.cat\/alimentaciometropolitana\/wp-json\/wp\/v2\/posts"}],"about":[{"href":"https:\/\/blogs.amb.cat\/alimentaciometropolitana\/wp-json\/wp\/v2\/types\/post"}],"author":[{"embeddable":true,"href":"https:\/\/blogs.amb.cat\/alimentaciometropolitana\/wp-json\/wp\/v2\/users\/38"}],"replies":[{"embeddable":true,"href":"https:\/\/blogs.amb.cat\/alimentaciometropolitana\/wp-json\/wp\/v2\/comments?post=615"}],"version-history":[{"count":2,"href":"https:\/\/blogs.amb.cat\/alimentaciometropolitana\/wp-json\/wp\/v2\/posts\/615\/revisions"}],"predecessor-version":[{"id":628,"href":"https:\/\/blogs.amb.cat\/alimentaciometropolitana\/wp-json\/wp\/v2\/posts\/615\/revisions\/628"}],"wp:featuredmedia":[{"embeddable":true,"href":"https:\/\/blogs.amb.cat\/alimentaciometropolitana\/wp-json\/wp\/v2\/media\/616"}],"wp:attachment":[{"href":"https:\/\/blogs.amb.cat\/alimentaciometropolitana\/wp-json\/wp\/v2\/media?parent=615"}],"wp:term":[{"taxonomy":"category","embeddable":true,"href":"https:\/\/blogs.amb.cat\/alimentaciometropolitana\/wp-json\/wp\/v2\/categories?post=615"},{"taxonomy":"post_tag","embeddable":true,"href":"https:\/\/blogs.amb.cat\/alimentaciometropolitana\/wp-json\/wp\/v2\/tags?post=615"}],"curies":[{"name":"wp","href":"https:\/\/api.w.org\/{rel}","templated":true}]}}