
 







{"id":618,"date":"2021-10-12T09:16:50","date_gmt":"2021-10-12T07:16:50","guid":{"rendered":"https:\/\/blogs.amb.cat\/alimentaciometropolitana\/?p=618"},"modified":"2021-10-27T12:56:41","modified_gmt":"2021-10-27T10:56:41","slug":"nous-mercats-de-pages-a-les-planes-i-a-mira-sol","status":"publish","type":"post","link":"https:\/\/blogs.amb.cat\/alimentaciometropolitana\/2021\/10\/12\/nous-mercats-de-pages-a-les-planes-i-a-mira-sol\/","title":{"rendered":"Nous mercats de pag\u00e8s a les Planes i a Mira-sol"},"content":{"rendered":"\n<p class=\"has-medium-font-size\">S\u00f3n projectes de despesa ordin\u00e0ria dels pressupostos participatius de Sant Cugat del Vall\u00e8s<\/p>\n\n\n\n<p>A partir del 16 d\u2019octubre les Planes i Mira-sol comptaran amb mercats de pag\u00e8s dos dissabtes al mes, com des de fa temps t\u00e9 Sant Cugat del Vall\u00e8s. Aquesta decisi\u00f3 surt \u201cdels Pressupostos participatius 2020-2021 als districtes del centre oest, centre est, Mira-sol i les Planes, i entronca tamb\u00e9 amb el Pla d\u2019acci\u00f3 de l\u2019emerg\u00e8ncia clim\u00e0tica, que aposta per una transici\u00f3 aliment\u00e0ria cap al consum de productes de temporada, ecol\u00f2gics i de proximitat\u201d, explica <a rel=\"noreferrer noopener\" href=\"https:\/\/www.santcugat.cat\/noticia\/els-pressupostos-participatius-estrenen-els-nous-mercats-de-pages-a-diversos-barris-de-sant-cugat\" target=\"_blank\">l\u2019Ajuntament de la ciutat<\/a>.<\/p>\n\n\n\n<p>Tamb\u00e9 forma part de la mateixa decisi\u00f3 el mercat de pag\u00e8s que el 2 d\u2019octubre es va estrenar dins el mercat de Volpelleres, corresponent al districte centre oest del municipi. El del districte est encara est\u00e0 pendent de concretar.<\/p>\n\n\n\n<p>Tots aquests mercats de pag\u00e8s, que funcionen de 9 a 14 h, s\u2019organitzen amb la col\u00b7laboraci\u00f3 de l\u2019Ateneu Santcugatenc i la Xarxa de Consum Solidari, dues entitats amb experi\u00e8ncia en l\u2019organitzaci\u00f3 i dinamitzaci\u00f3 de mercats similars.<\/p>\n\n\n\n<p>Podeu consultar les dates d&#8217;aquests mercats de pag\u00e8s fins a finals d\u2019any <a href=\"https:\/\/www.ateneu.cat\/nous-mercats-pages\/\" target=\"_blank\" rel=\"noreferrer noopener\">aqu\u00ed<\/a>.<\/p>\n","protected":false},"excerpt":{"rendered":"<p>S\u00f3n projectes de despesa ordin\u00e0ria dels pressupostos participatius de Sant Cugat del Vall\u00e8s A partir del 16 d\u2019octubre les Planes i Mira-sol comptaran amb mercats de pag\u00e8s dos dissabtes al mes, com des de fa temps t\u00e9 Sant Cugat del Vall\u00e8s. Aquesta decisi\u00f3 surt \u201cdels Pressupostos participatius 2020-2021 als districtes del centre oest, centre est, [&hellip;]<\/p>\n","protected":false},"author":38,"featured_media":619,"comment_status":"closed","ping_status":"open","sticky":false,"template":"","format":"standard","meta":{"_oasis_is_in_workflow":0,"_oasis_original":0,"ngg_post_thumbnail":0},"categories":[1],"tags":[8,119],"_links":{"self":[{"href":"https:\/\/blogs.amb.cat\/alimentaciometropolitana\/wp-json\/wp\/v2\/posts\/618"}],"collection":[{"href":"https:\/\/blogs.amb.cat\/alimentaciometropolitana\/wp-json\/wp\/v2\/posts"}],"about":[{"href":"https:\/\/blogs.amb.cat\/alimentaciometropolitana\/wp-json\/wp\/v2\/types\/post"}],"author":[{"embeddable":true,"href":"https:\/\/blogs.amb.cat\/alimentaciometropolitana\/wp-json\/wp\/v2\/users\/38"}],"replies":[{"embeddable":true,"href":"https:\/\/blogs.amb.cat\/alimentaciometropolitana\/wp-json\/wp\/v2\/comments?post=618"}],"version-history":[{"count":2,"href":"https:\/\/blogs.amb.cat\/alimentaciometropolitana\/wp-json\/wp\/v2\/posts\/618\/revisions"}],"predecessor-version":[{"id":626,"href":"https:\/\/blogs.amb.cat\/alimentaciometropolitana\/wp-json\/wp\/v2\/posts\/618\/revisions\/626"}],"wp:featuredmedia":[{"embeddable":true,"href":"https:\/\/blogs.amb.cat\/alimentaciometropolitana\/wp-json\/wp\/v2\/media\/619"}],"wp:attachment":[{"href":"https:\/\/blogs.amb.cat\/alimentaciometropolitana\/wp-json\/wp\/v2\/media?parent=618"}],"wp:term":[{"taxonomy":"category","embeddable":true,"href":"https:\/\/blogs.amb.cat\/alimentaciometropolitana\/wp-json\/wp\/v2\/categories?post=618"},{"taxonomy":"post_tag","embeddable":true,"href":"https:\/\/blogs.amb.cat\/alimentaciometropolitana\/wp-json\/wp\/v2\/tags?post=618"}],"curies":[{"name":"wp","href":"https:\/\/api.w.org\/{rel}","templated":true}]}}