
 







{"id":638,"date":"2021-10-13T09:17:34","date_gmt":"2021-10-13T07:17:34","guid":{"rendered":"https:\/\/blogs.amb.cat\/alimentaciometropolitana\/?p=638"},"modified":"2021-10-27T12:56:31","modified_gmt":"2021-10-27T10:56:31","slug":"el-prat-de-llobregat-se-suma-a-la-setmana-ciutadana-de-lalimentacio-sostenible","status":"publish","type":"post","link":"https:\/\/blogs.amb.cat\/alimentaciometropolitana\/2021\/10\/13\/el-prat-de-llobregat-se-suma-a-la-setmana-ciutadana-de-lalimentacio-sostenible\/","title":{"rendered":"El Prat de Llobregat se suma a la Setmana Ciutadana de l\u2019Alimentaci\u00f3 Sostenible"},"content":{"rendered":"\n<p class=\"has-medium-font-size\">Inauguraci\u00f3 de La Botiga i espigolada popular<\/p>\n\n\n\n<p>La gastronomia i els aliments no passen per alt a l\u2019Ajuntament del Prat de Llobregat, municipi metropolit\u00e0 que aixopluga part del Parc Agrari de Baix Llobregat i casa de la carfoxa del Prat i el pollastre pota blava.<\/p>\n\n\n\n<p>La ciutat se suma al conjunt d\u2019activitats de la <a href=\"https:\/\/blogs.amb.cat\/alimentaciometropolitana\/2021\/10\/07\/tothom-a-taula-per-la-setmana-ciutadana-de-lalimentacio-sostenible\/\">Setmana Ciutadana de l\u2019Alimentaci\u00f3 Sostenible<\/a> amb dues propostes:<\/p>\n\n\n\n<ul><li><strong>Inauguraci\u00f3 de La Botiga<\/strong>, el primer programa de garantia aliment\u00e0ria en qu\u00e8 les persones que reben ajuda alhora s\u00f3n cogestores del projecte. D\u2019aquesta manera es treballa el seu apoderament, ja que s\u2019impliquen en la gesti\u00f3 de l\u2019espai, a partir d\u2019un model de governan\u00e7a cooperativa. A m\u00e9s, part dels aliments que s\u2019hi podran trobar provenen del Parc Agrari del Baix Llobregat i del comer\u00e7 local. La Botiga tamb\u00e9 promou el reaprofitament alimentari i treballa per minimitzar els residus. Ser\u00e0 dijous 14 d\u2019octubre a les 18.30 h i hi intervindr\u00e0 l\u2019alcalde, Llu\u00eds Mijoler.<\/li><\/ul>\n\n\n\n<ul><li><strong>Primera espigolada popular al Parc Agrari<\/strong>, el mat\u00ed de djous 14 d\u2019octubre (entre les 9.30 h i les 12.30 h). Tot el que es recuperi es destinar\u00e0 a entitats socials, per facilitar l\u2019acc\u00e9s a una alimentaci\u00f3 saludable a persones en situaci\u00f3 vulnerable. Us hi podeu inscriure <a rel=\"noreferrer noopener\" href=\"https:\/\/www.elprat.cat\/ciutat-i-territori\/educacio-ambiental\/espigolades-populars\" target=\"_blank\">aqu\u00ed<\/a>.<\/li><\/ul>\n\n\n\n<p>M\u00e9s informaci\u00f3 sobre les pol\u00edtiques i accions relacionades amb l\u2019alimentaci\u00f3 sostenible del Prat de Llobregat, <a href=\"https:\/\/www.elprat.cat\/ciutat-i-territori\/emergencia-climatica\/alimentacio-sostenible\" target=\"_blank\" rel=\"noreferrer noopener\">aqu\u00ed<\/a>.<\/p>\n","protected":false},"excerpt":{"rendered":"<p>Inauguraci\u00f3 de La Botiga i espigolada popular La gastronomia i els aliments no passen per alt a l\u2019Ajuntament del Prat de Llobregat, municipi metropolit\u00e0 que aixopluga part del Parc Agrari de Baix Llobregat i casa de la carfoxa del Prat i el pollastre pota blava. La ciutat se suma al conjunt d\u2019activitats de la Setmana [&hellip;]<\/p>\n","protected":false},"author":38,"featured_media":109,"comment_status":"closed","ping_status":"open","sticky":false,"template":"","format":"standard","meta":{"_oasis_is_in_workflow":0,"_oasis_original":0,"ngg_post_thumbnail":0},"categories":[1],"tags":[14,47,81],"_links":{"self":[{"href":"https:\/\/blogs.amb.cat\/alimentaciometropolitana\/wp-json\/wp\/v2\/posts\/638"}],"collection":[{"href":"https:\/\/blogs.amb.cat\/alimentaciometropolitana\/wp-json\/wp\/v2\/posts"}],"about":[{"href":"https:\/\/blogs.amb.cat\/alimentaciometropolitana\/wp-json\/wp\/v2\/types\/post"}],"author":[{"embeddable":true,"href":"https:\/\/blogs.amb.cat\/alimentaciometropolitana\/wp-json\/wp\/v2\/users\/38"}],"replies":[{"embeddable":true,"href":"https:\/\/blogs.amb.cat\/alimentaciometropolitana\/wp-json\/wp\/v2\/comments?post=638"}],"version-history":[{"count":2,"href":"https:\/\/blogs.amb.cat\/alimentaciometropolitana\/wp-json\/wp\/v2\/posts\/638\/revisions"}],"predecessor-version":[{"id":667,"href":"https:\/\/blogs.amb.cat\/alimentaciometropolitana\/wp-json\/wp\/v2\/posts\/638\/revisions\/667"}],"wp:featuredmedia":[{"embeddable":true,"href":"https:\/\/blogs.amb.cat\/alimentaciometropolitana\/wp-json\/wp\/v2\/media\/109"}],"wp:attachment":[{"href":"https:\/\/blogs.amb.cat\/alimentaciometropolitana\/wp-json\/wp\/v2\/media?parent=638"}],"wp:term":[{"taxonomy":"category","embeddable":true,"href":"https:\/\/blogs.amb.cat\/alimentaciometropolitana\/wp-json\/wp\/v2\/categories?post=638"},{"taxonomy":"post_tag","embeddable":true,"href":"https:\/\/blogs.amb.cat\/alimentaciometropolitana\/wp-json\/wp\/v2\/tags?post=638"}],"curies":[{"name":"wp","href":"https:\/\/api.w.org\/{rel}","templated":true}]}}