
 







{"id":642,"date":"2021-10-13T09:20:54","date_gmt":"2021-10-13T07:20:54","guid":{"rendered":"https:\/\/blogs.amb.cat\/alimentaciometropolitana\/?p=642"},"modified":"2021-10-27T12:56:19","modified_gmt":"2021-10-27T10:56:19","slug":"alimentar-barcelona-ciutat-proveiment-i-futur-laportacio-del-museu-dhistoria-de-barcelona-a-la-setmana-ciutadana-de-lalimentacio-sostenible","status":"publish","type":"post","link":"https:\/\/blogs.amb.cat\/alimentaciometropolitana\/2021\/10\/13\/alimentar-barcelona-ciutat-proveiment-i-futur-laportacio-del-museu-dhistoria-de-barcelona-a-la-setmana-ciutadana-de-lalimentacio-sostenible\/","title":{"rendered":"\u201cAlimentar Barcelona. Ciutat, prove\u00efment i salut\u201d, l\u2019aportaci\u00f3 del Museu d\u2019Hist\u00f2ria de Barcelona a la Setmana Ciutadana de l\u2019Alimentaci\u00f3 Sostenible"},"content":{"rendered":"\n<p class=\"has-medium-font-size\">L\u2019exposici\u00f3 s\u2019inaugura el 15 d\u2019octubre i es podr\u00e0 veure fins a l\u2019octubre del 2022<\/p>\n\n\n\n<p>A partir del 15 d\u2019octubre el Museu d\u2019Hist\u00f2ria de Barcelona (MUHBA) acollir\u00e0 l\u2019exposici\u00f3 \u201cAlimentar Barcelona. Ciutat, prove\u00efment i salut\u201d, que tra\u00e7a el recorregut sobre una de les preocupacions constants de les ciutats: alimentar la poblaci\u00f3.<\/p>\n\n\n\n<p>Al Sal\u00f3 del Tinell i a la capella de Santa \u00c0gata s\u2019hi podran contemplar m\u00e9s de 300 peces i originals provinents de 27 prestadors (arxius, museus, biblioteques i particulars). \u00c9s una mostra ideada i organitzada pel MUHBA a partir de les recerques sobre el prove\u00efment de la ciutat i la salut dels habitants al llarg de la hist\u00f2ria. Un itinerari que arrenca amb el Consell de Cent (1249) i viatja fins a la Barcelona d\u2019avui, on es posa de manifest com la ciutat ha maldat per garantir el subministrament i la qualitat dels aliments.<\/p>\n\n\n\n<p>A m\u00e9s de l\u2019exposici\u00f3, el MUHBA ha organitzat una jornada de debat i tast durant tot el dissabte 16 d\u2019octubre (Dia Mundial de l\u2019Alimentaci\u00f3) i una ruta per l\u2019antic barri del Quarter del Mar, els dies 27 de novembre i 18 de desembre del 2021, i 29 de gener del 2022.<\/p>\n\n\n\n<p>Podeu trobar m\u00e9s informaci\u00f3 al web de l\u2019<a href=\"https:\/\/ajuntament.barcelona.cat\/museuhistoria\/ca\/alimentar-barcelona-ciutat-proveiment-i-salut-0\" target=\"_blank\" rel=\"noreferrer noopener\">exposici\u00f3 del MUHBA<\/a>.<\/p>\n","protected":false},"excerpt":{"rendered":"<p>L\u2019exposici\u00f3 s\u2019inaugura el 15 d\u2019octubre i es podr\u00e0 veure fins a l\u2019octubre del 2022 A partir del 15 d\u2019octubre el Museu d\u2019Hist\u00f2ria de Barcelona (MUHBA) acollir\u00e0 l\u2019exposici\u00f3 \u201cAlimentar Barcelona. Ciutat, prove\u00efment i salut\u201d, que tra\u00e7a el recorregut sobre una de les preocupacions constants de les ciutats: alimentar la poblaci\u00f3. Al Sal\u00f3 del Tinell i a [&hellip;]<\/p>\n","protected":false},"author":38,"featured_media":643,"comment_status":"closed","ping_status":"open","sticky":false,"template":"","format":"standard","meta":{"_oasis_is_in_workflow":0,"_oasis_original":0,"ngg_post_thumbnail":0},"categories":[1],"tags":[54,10,53],"_links":{"self":[{"href":"https:\/\/blogs.amb.cat\/alimentaciometropolitana\/wp-json\/wp\/v2\/posts\/642"}],"collection":[{"href":"https:\/\/blogs.amb.cat\/alimentaciometropolitana\/wp-json\/wp\/v2\/posts"}],"about":[{"href":"https:\/\/blogs.amb.cat\/alimentaciometropolitana\/wp-json\/wp\/v2\/types\/post"}],"author":[{"embeddable":true,"href":"https:\/\/blogs.amb.cat\/alimentaciometropolitana\/wp-json\/wp\/v2\/users\/38"}],"replies":[{"embeddable":true,"href":"https:\/\/blogs.amb.cat\/alimentaciometropolitana\/wp-json\/wp\/v2\/comments?post=642"}],"version-history":[{"count":2,"href":"https:\/\/blogs.amb.cat\/alimentaciometropolitana\/wp-json\/wp\/v2\/posts\/642\/revisions"}],"predecessor-version":[{"id":652,"href":"https:\/\/blogs.amb.cat\/alimentaciometropolitana\/wp-json\/wp\/v2\/posts\/642\/revisions\/652"}],"wp:featuredmedia":[{"embeddable":true,"href":"https:\/\/blogs.amb.cat\/alimentaciometropolitana\/wp-json\/wp\/v2\/media\/643"}],"wp:attachment":[{"href":"https:\/\/blogs.amb.cat\/alimentaciometropolitana\/wp-json\/wp\/v2\/media?parent=642"}],"wp:term":[{"taxonomy":"category","embeddable":true,"href":"https:\/\/blogs.amb.cat\/alimentaciometropolitana\/wp-json\/wp\/v2\/categories?post=642"},{"taxonomy":"post_tag","embeddable":true,"href":"https:\/\/blogs.amb.cat\/alimentaciometropolitana\/wp-json\/wp\/v2\/tags?post=642"}],"curies":[{"name":"wp","href":"https:\/\/api.w.org\/{rel}","templated":true}]}}