
 







{"id":645,"date":"2021-10-18T06:39:00","date_gmt":"2021-10-18T04:39:00","guid":{"rendered":"https:\/\/blogs.amb.cat\/alimentaciometropolitana\/?p=645"},"modified":"2021-10-18T15:06:50","modified_gmt":"2021-10-18T13:06:50","slug":"barcelona-capital-de-lagroalimentacio-catalana","status":"publish","type":"post","link":"https:\/\/blogs.amb.cat\/alimentaciometropolitana\/2021\/10\/18\/barcelona-capital-de-lagroalimentacio-catalana\/","title":{"rendered":"Barcelona, capital de l\u2019agroalimentaci\u00f3 catalana?"},"content":{"rendered":"\n<p class=\"has-medium-font-size\">Jornada impulsada pels col\u00b7legis d\u2019Economistes i d\u2019Enginyers Agr\u00f2noms<\/p>\n\n\n\n<p>Barcelona pot ser un exemple a l\u2019hora de combinar el model econ\u00f2mic amb el medi ambient? Aquest \u00e9s el punt de partida de la jornada Barcelona, Capital de l\u2019Agroalimentaci\u00f3 Catalana, que es dur\u00e0 a terme dijous 21 d\u2019octubre i que han organitzat els col\u00b7legis professionals d\u2019Economistes i d\u2019Enginyers Agr\u00f2noms.<\/p>\n\n\n\n<p>Ser\u00e0 un acte en l\u00ednia en qu\u00e8 es reflexionar\u00e0 i es debatr\u00e0 sobre com fer que l\u2019entorn urb\u00e0 i l\u2019entorn rural generin l\u00ednies d\u2019enteniment, coordinaci\u00f3 i sinergia, amb intervenci\u00f3 de representants diversos com Jaume Alsina, president de Bon \u00c0rea, Jordi Valls, director de Mercabarna, M\u00edriam Soteras, directora del Mercat Arrels, Albert Riera, director de Comunicaci\u00f3 de La Fageda, Oriol Estela, director del Pla Estrat\u00e8gic de l\u2019\u00c0rea Metropolitana, o Josep Presseguer, CEO de Fruits de Ponent, entre d\u2019altres.<\/p>\n\n\n\n<p>La jornada comen\u00e7ar\u00e0 a les 9 h i s\u2019allargar\u00e0 fins a les 14 h. L\u2019assist\u00e8ncia \u00e9s gratu\u00efta i oberta a tothom, amb inscripci\u00f3 pr\u00e8via en <a rel=\"noreferrer noopener\" href=\"https:\/\/coleconomistes.cat\/Eventos\/wf_curso.aspx?IdMenu=a2ef68da-9e11-4618-b4cc-30e817f701cd&amp;Cod=14797&amp;Idioma=ca-ES\" target=\"_blank\">aquest enlla\u00e7<\/a>.<\/p>\n","protected":false},"excerpt":{"rendered":"<p>Jornada impulsada pels col\u00b7legis d\u2019Economistes i d\u2019Enginyers Agr\u00f2noms Barcelona pot ser un exemple a l\u2019hora de combinar el model econ\u00f2mic amb el medi ambient? Aquest \u00e9s el punt de partida de la jornada Barcelona, Capital de l\u2019Agroalimentaci\u00f3 Catalana, que es dur\u00e0 a terme dijous 21 d\u2019octubre i que han organitzat els col\u00b7legis professionals d\u2019Economistes i [&hellip;]<\/p>\n","protected":false},"author":38,"featured_media":646,"comment_status":"closed","ping_status":"open","sticky":false,"template":"","format":"standard","meta":{"_oasis_is_in_workflow":0,"_oasis_original":0,"ngg_post_thumbnail":0},"categories":[1],"tags":[16,86],"_links":{"self":[{"href":"https:\/\/blogs.amb.cat\/alimentaciometropolitana\/wp-json\/wp\/v2\/posts\/645"}],"collection":[{"href":"https:\/\/blogs.amb.cat\/alimentaciometropolitana\/wp-json\/wp\/v2\/posts"}],"about":[{"href":"https:\/\/blogs.amb.cat\/alimentaciometropolitana\/wp-json\/wp\/v2\/types\/post"}],"author":[{"embeddable":true,"href":"https:\/\/blogs.amb.cat\/alimentaciometropolitana\/wp-json\/wp\/v2\/users\/38"}],"replies":[{"embeddable":true,"href":"https:\/\/blogs.amb.cat\/alimentaciometropolitana\/wp-json\/wp\/v2\/comments?post=645"}],"version-history":[{"count":4,"href":"https:\/\/blogs.amb.cat\/alimentaciometropolitana\/wp-json\/wp\/v2\/posts\/645\/revisions"}],"predecessor-version":[{"id":669,"href":"https:\/\/blogs.amb.cat\/alimentaciometropolitana\/wp-json\/wp\/v2\/posts\/645\/revisions\/669"}],"wp:featuredmedia":[{"embeddable":true,"href":"https:\/\/blogs.amb.cat\/alimentaciometropolitana\/wp-json\/wp\/v2\/media\/646"}],"wp:attachment":[{"href":"https:\/\/blogs.amb.cat\/alimentaciometropolitana\/wp-json\/wp\/v2\/media?parent=645"}],"wp:term":[{"taxonomy":"category","embeddable":true,"href":"https:\/\/blogs.amb.cat\/alimentaciometropolitana\/wp-json\/wp\/v2\/categories?post=645"},{"taxonomy":"post_tag","embeddable":true,"href":"https:\/\/blogs.amb.cat\/alimentaciometropolitana\/wp-json\/wp\/v2\/tags?post=645"}],"curies":[{"name":"wp","href":"https:\/\/api.w.org\/{rel}","templated":true}]}}