
 







{"id":656,"date":"2021-10-15T10:48:00","date_gmt":"2021-10-15T08:48:00","guid":{"rendered":"https:\/\/blogs.amb.cat\/alimentaciometropolitana\/?p=656"},"modified":"2021-12-01T16:15:18","modified_gmt":"2021-12-01T14:15:18","slug":"viladecans-sant-just-gava-cerdanyola-cornella-badalona-i-barcelona-participen-a-la-setmana-bio","status":"publish","type":"post","link":"https:\/\/blogs.amb.cat\/alimentaciometropolitana\/2021\/10\/15\/viladecans-sant-just-gava-cerdanyola-cornella-badalona-i-barcelona-participen-a-la-setmana-bio\/","title":{"rendered":"Viladecans, Sant Just, Gav\u00e0, Cerdanyola, Cornell\u00e0, Badalona i Barcelona participen a la Setmana Bio"},"content":{"rendered":"\n<p class=\"has-medium-font-size\">Nou dies per gaudir de l\u2019alimentaci\u00f3 ecol\u00f2gica arreu de Catalunya<\/p>\n\n\n\n<p>Entre el 16 i el 24 d\u2019octubre arriba la novena edici\u00f3 de la Setmana Bio, nou dies en qu\u00e8 agents relacionats amb l\u2019alimentaci\u00f3 ecol\u00f2gica d\u2019arreu de Catalunya ofereixen activitats diverses als visitants per donar a con\u00e8ixer la producci\u00f3 i elaboraci\u00f3 de productes sense qu\u00edmics.<\/p>\n\n\n\n<p>Set municipis metropolitans s\u2019hi ha sumat enguany: Viladecans, Sant Just Desvern, Gav\u00e0, Cerdanyola del Vall\u00e8s, Cornell\u00e0, Badalona i Barcelona. En uns casos productors i elaboradors obren les portes dels seus camps i obradors a la ciutadania (Soulblim o Can Robert), en d\u2019altres s\u2019ofereixen descomptes en cistelles de fruita i verdura i en botigues a granel (Molsa i Granel), un taller d\u2019hort urb\u00e0 ecol\u00f2gic, una exposici\u00f3 sobre bibliografia relacionada amb la producci\u00f3 ecol\u00f2gica o una jornada t\u00e8cnica sobre agroecologia.<\/p>\n\n\n\n<p>A Cornell\u00e0 de Llobregat, a les escoles Mediterr\u00e0nia i Anselm Clav\u00e9, s\u2019hi presentar\u00e0 la iniciativa \u201cEscola amb projecte psicoeducatiu Km 0\u201d, en format virtual.<\/p>\n\n\n\n<p>Podeu consultar el programa d\u2019activitats i inscriure-us a les que us interessin al web de la <a href=\"https:\/\/setmanabio.cat\/\" target=\"_blank\" rel=\"noreferrer noopener\">Setmana Bio<\/a>.<\/p>\n","protected":false},"excerpt":{"rendered":"<p>Nou dies per gaudir de l\u2019alimentaci\u00f3 ecol\u00f2gica arreu de Catalunya Entre el 16 i el 24 d\u2019octubre arriba la novena edici\u00f3 de la Setmana Bio, nou dies en qu\u00e8 agents relacionats amb l\u2019alimentaci\u00f3 ecol\u00f2gica d\u2019arreu de Catalunya ofereixen activitats diverses als visitants per donar a con\u00e8ixer la producci\u00f3 i elaboraci\u00f3 de productes sense qu\u00edmics. Set [&hellip;]<\/p>\n","protected":false},"author":38,"featured_media":657,"comment_status":"closed","ping_status":"open","sticky":false,"template":"","format":"standard","meta":{"_oasis_is_in_workflow":0,"_oasis_original":0,"ngg_post_thumbnail":0},"categories":[1],"tags":[124,25,10,127,126,39,125,11],"_links":{"self":[{"href":"https:\/\/blogs.amb.cat\/alimentaciometropolitana\/wp-json\/wp\/v2\/posts\/656"}],"collection":[{"href":"https:\/\/blogs.amb.cat\/alimentaciometropolitana\/wp-json\/wp\/v2\/posts"}],"about":[{"href":"https:\/\/blogs.amb.cat\/alimentaciometropolitana\/wp-json\/wp\/v2\/types\/post"}],"author":[{"embeddable":true,"href":"https:\/\/blogs.amb.cat\/alimentaciometropolitana\/wp-json\/wp\/v2\/users\/38"}],"replies":[{"embeddable":true,"href":"https:\/\/blogs.amb.cat\/alimentaciometropolitana\/wp-json\/wp\/v2\/comments?post=656"}],"version-history":[{"count":3,"href":"https:\/\/blogs.amb.cat\/alimentaciometropolitana\/wp-json\/wp\/v2\/posts\/656\/revisions"}],"predecessor-version":[{"id":665,"href":"https:\/\/blogs.amb.cat\/alimentaciometropolitana\/wp-json\/wp\/v2\/posts\/656\/revisions\/665"}],"wp:featuredmedia":[{"embeddable":true,"href":"https:\/\/blogs.amb.cat\/alimentaciometropolitana\/wp-json\/wp\/v2\/media\/657"}],"wp:attachment":[{"href":"https:\/\/blogs.amb.cat\/alimentaciometropolitana\/wp-json\/wp\/v2\/media?parent=656"}],"wp:term":[{"taxonomy":"category","embeddable":true,"href":"https:\/\/blogs.amb.cat\/alimentaciometropolitana\/wp-json\/wp\/v2\/categories?post=656"},{"taxonomy":"post_tag","embeddable":true,"href":"https:\/\/blogs.amb.cat\/alimentaciometropolitana\/wp-json\/wp\/v2\/tags?post=656"}],"curies":[{"name":"wp","href":"https:\/\/api.w.org\/{rel}","templated":true}]}}