
 







{"id":67,"date":"2021-04-21T09:28:00","date_gmt":"2021-04-21T07:28:00","guid":{"rendered":"https:\/\/blogs.amb.cat\/alimentaciometropolitana\/?p=67"},"modified":"2021-05-13T00:34:46","modified_gmt":"2021-05-12T22:34:46","slug":"presentacio-de-la-guia-per-a-la-implantacio-de-la-silvopastura-a-les-muntanyes-del-baix","status":"publish","type":"post","link":"https:\/\/blogs.amb.cat\/alimentaciometropolitana\/2021\/04\/21\/presentacio-de-la-guia-per-a-la-implantacio-de-la-silvopastura-a-les-muntanyes-del-baix\/","title":{"rendered":"Presentaci\u00f3 de la \u2018Guia per a la implantaci\u00f3 de la silvopastura a les Muntanyes del Baix\u2019"},"content":{"rendered":"\n<p class=\"has-medium-font-size\">Forma part del marc per revitalitzar l\u2019espai agroforestal de la zona<\/p>\n\n\n\n<p>Qu\u00e8 \u00e9s la silvopastura? Quins beneficis aporta? Com comen\u00e7ar a implantar-la? Aquestes s\u00f3n algunes de les preguntes que dimarts 27 d\u2019abril trobaran resposta a l\u2019acte, per videoconfer\u00e8ncia, de presentaci\u00f3 de la \u2018Guia per a la implantaci\u00f3 de la silvopastura a les Muntanyes del Baix\u2019.<\/p>\n\n\n\n<p>Durant el mat\u00ed Laia Batalla, directora de l\u2019Escola de pastors, Rosa Cifuentes, directora de l&#8217;\u00e0rea de Ciutat sostenible de l\u2019Ajuntament de Sant Boi de Llobregat, S\u00f2nia Cano, t\u00e8cnica de Medi ambient de l\u2019Ajuntament de Pallej\u00e0, Laia Peidro, t\u00e8cnica de Medi ambient de l\u2019Ajuntament de Torrelles de Llobregat, i Cristina de Llanos, pastora de Begues, explicaran en qu\u00e8 consisteix aquesta pr\u00e0ctica, iniciada fa uns anys als Estats Units. L\u2019acte el presentar\u00e0 Eva M\u00aa Mart\u00ednez, presidenta del Consell Comarcal del Baix Llobregat, i el clour\u00e0 Jordi Carbonell, responsable de Medi ambient, Cultura i Memorial democr\u00e0tic.<\/p>\n\n\n\n<p>En concret, la silvopastura \u00e9s una iniciativa que combina forestaci\u00f3 i pasturatge. \u00c9s a dir, es protegeix i es mantenen els espais naturals amb animals dom\u00e8stics, que alhora es beneficien de la natura (com a aliment i com a espai de pastura).<\/p>\n\n\n\n<p>Les Muntanyes del Baix \u00e9s un projecte en qu\u00e8 16 municipis del Baix Llobregat i el Consell Comarcal es coordinen i comparteixen estrat\u00e8gia i accions per la gesti\u00f3 de l\u2019espai agroforestal del territori.<\/p>\n\n\n\n<p>Podeu inscriure\u2019us a l\u2019acte mitjan\u00e7ant <a href=\"https:\/\/www.elbaixllobregat.cat\/sites\/default\/files\/Programa_GuiaSilvopastura_0.pdf\" target=\"_blank\" rel=\"noreferrer noopener\">aquest registre.<\/a><\/p>\n","protected":false},"excerpt":{"rendered":"<p>Forma part del marc per revitalitzar l\u2019espai agroforestal de la zona Qu\u00e8 \u00e9s la silvopastura? Quins beneficis aporta? Com comen\u00e7ar a implantar-la? Aquestes s\u00f3n algunes de les preguntes que dimarts 27 d\u2019abril trobaran resposta a l\u2019acte, per videoconfer\u00e8ncia, de presentaci\u00f3 de la \u2018Guia per a la implantaci\u00f3 de la silvopastura a les Muntanyes del Baix\u2019. [&hellip;]<\/p>\n","protected":false},"author":38,"featured_media":68,"comment_status":"closed","ping_status":"open","sticky":false,"template":"","format":"standard","meta":{"_oasis_is_in_workflow":0,"_oasis_original":0,"ngg_post_thumbnail":0},"categories":[1],"tags":[28,29,27],"_links":{"self":[{"href":"https:\/\/blogs.amb.cat\/alimentaciometropolitana\/wp-json\/wp\/v2\/posts\/67"}],"collection":[{"href":"https:\/\/blogs.amb.cat\/alimentaciometropolitana\/wp-json\/wp\/v2\/posts"}],"about":[{"href":"https:\/\/blogs.amb.cat\/alimentaciometropolitana\/wp-json\/wp\/v2\/types\/post"}],"author":[{"embeddable":true,"href":"https:\/\/blogs.amb.cat\/alimentaciometropolitana\/wp-json\/wp\/v2\/users\/38"}],"replies":[{"embeddable":true,"href":"https:\/\/blogs.amb.cat\/alimentaciometropolitana\/wp-json\/wp\/v2\/comments?post=67"}],"version-history":[{"count":1,"href":"https:\/\/blogs.amb.cat\/alimentaciometropolitana\/wp-json\/wp\/v2\/posts\/67\/revisions"}],"predecessor-version":[{"id":69,"href":"https:\/\/blogs.amb.cat\/alimentaciometropolitana\/wp-json\/wp\/v2\/posts\/67\/revisions\/69"}],"wp:featuredmedia":[{"embeddable":true,"href":"https:\/\/blogs.amb.cat\/alimentaciometropolitana\/wp-json\/wp\/v2\/media\/68"}],"wp:attachment":[{"href":"https:\/\/blogs.amb.cat\/alimentaciometropolitana\/wp-json\/wp\/v2\/media?parent=67"}],"wp:term":[{"taxonomy":"category","embeddable":true,"href":"https:\/\/blogs.amb.cat\/alimentaciometropolitana\/wp-json\/wp\/v2\/categories?post=67"},{"taxonomy":"post_tag","embeddable":true,"href":"https:\/\/blogs.amb.cat\/alimentaciometropolitana\/wp-json\/wp\/v2\/tags?post=67"}],"curies":[{"name":"wp","href":"https:\/\/api.w.org\/{rel}","templated":true}]}}