
 







{"id":675,"date":"2021-11-18T09:28:00","date_gmt":"2021-11-18T07:28:00","guid":{"rendered":"https:\/\/blogs.amb.cat\/alimentaciometropolitana\/?p=675"},"modified":"2023-11-30T14:22:15","modified_gmt":"2023-11-30T12:22:15","slug":"curs-desenvolupament-local-en-lambit-agroalimentari-per-a-professionals","status":"publish","type":"post","link":"https:\/\/blogs.amb.cat\/alimentaciometropolitana\/2021\/11\/18\/curs-desenvolupament-local-en-lambit-agroalimentari-per-a-professionals\/","title":{"rendered":"Curs \u201cDesenvolupament local en l\u2019\u00e0mbit agroalimentari\u201d per a professionals"},"content":{"rendered":"\n<p class=\"has-medium-font-size\">Organitzat per l\u2019Ag\u00e8ncia de Desenvolupament Econ\u00f2mic de l\u2019AMB<\/p>\n\n\n\n<p>Gestors pol\u00edtics i t\u00e8cnics dels municipis de l\u2019\u00c0rea Metropolitana de Barcelona (AMB), gestors d\u2019empreses i cooperatives agroaliment\u00e0ries, sindicats i organitzacions professionals relacionades amb l\u2019agroalimentaci\u00f3, el territori i el m\u00f3n local, aix\u00ed com entitats culturals, socials i mediambientals, estudiants i estudiosos de l\u2019\u00e0mbit local, territorial i \u00e0mbit alimentari va participar al curs \u201c<strong>Desenvolupament local en l\u2019\u00e0mbit agroalimentari<\/strong>\u201d, impulsat per l\u2019Ag\u00e8ncia de Desenvolupament Econ\u00f2mic de l\u2019AMB.<\/p>\n\n\n\n<p>Es va impartir durant els dies 3, 10 i 17 de novembre de 2021 de 10 a 13 h, en format telem\u00e0tic i el professorat va estar format per Antoni Garc\u00eda Gabarra, economista, Anna Pall\u00ed G\u00fcell, coordinadora de Desenvolupament Estrat\u00e8gic de l\u2019IRTA, Anna Roca Torrent, ge\u00f2grafa i consultora agroterritorial, Eduard Arruga Valeri, economista, Francesc Reguant Fosas, director de l\u2019Observatori d\u2019Economia Agroaliment\u00e0ria (ObeAliment\u00e0ria), Jordi Rosell Fox\u00e0, professor d\u2019Economia Aplicada a la UAB, especialitzat en desenvolupament rural i pol\u00edtiques agr\u00e0ries, S\u00f2nia Callau Berenguer, enginyera t\u00e8cnica agr\u00edcola, Sandra Climent Queralt, secret\u00e0ria t\u00e8cnica de l\u2019ObeAliment\u00e0ria, i Xavier Tic\u00f3 Cam\u00ed, gestor de projectes i transfer\u00e8ncia de tecnologia del Parc Cient\u00edfic i Tecnol\u00f2gic Agroalimentari de Lleida.<\/p>\n\n\n\n<p>El curs es va estructurar en quatre blocs, on es va parlar de producci\u00f3 i transformaci\u00f3 agroaliment\u00e0ries, distribuci\u00f3, seguretat i qualitat al sector, i tend\u00e8ncies i innovaci\u00f3.<\/p>\n\n\n\n<p>Els materials d&#8217;aquest curs es poden consultar a: <a href=\"https:\/\/agenciaeconomica.amb.cat\/economies-locals-emergents\/curs-agroalimentari\" data-type=\"URL\" data-id=\"https:\/\/agenciaeconomica.amb.cat\/economies-locals-emergents\/curs-agroalimentari\" target=\"_blank\" rel=\"noreferrer noopener\">Desenvolupament local en l\u2019\u00e0mbit agroalimentari<\/a><\/p>\n","protected":false},"excerpt":{"rendered":"<p>Organitzat per l\u2019Ag\u00e8ncia de Desenvolupament Econ\u00f2mic de l\u2019AMB Gestors pol\u00edtics i t\u00e8cnics dels municipis de l\u2019\u00c0rea Metropolitana de Barcelona (AMB), gestors d\u2019empreses i cooperatives agroaliment\u00e0ries, sindicats i organitzacions professionals relacionades amb l\u2019agroalimentaci\u00f3, el territori i el m\u00f3n local, aix\u00ed com entitats culturals, socials i mediambientals, estudiants i estudiosos de l\u2019\u00e0mbit local, territorial i \u00e0mbit alimentari [&hellip;]<\/p>\n","protected":false},"author":38,"featured_media":676,"comment_status":"closed","ping_status":"open","sticky":false,"template":"","format":"standard","meta":{"_oasis_is_in_workflow":0,"_oasis_original":0,"ngg_post_thumbnail":0},"categories":[1],"tags":[129,13,15],"_links":{"self":[{"href":"https:\/\/blogs.amb.cat\/alimentaciometropolitana\/wp-json\/wp\/v2\/posts\/675"}],"collection":[{"href":"https:\/\/blogs.amb.cat\/alimentaciometropolitana\/wp-json\/wp\/v2\/posts"}],"about":[{"href":"https:\/\/blogs.amb.cat\/alimentaciometropolitana\/wp-json\/wp\/v2\/types\/post"}],"author":[{"embeddable":true,"href":"https:\/\/blogs.amb.cat\/alimentaciometropolitana\/wp-json\/wp\/v2\/users\/38"}],"replies":[{"embeddable":true,"href":"https:\/\/blogs.amb.cat\/alimentaciometropolitana\/wp-json\/wp\/v2\/comments?post=675"}],"version-history":[{"count":6,"href":"https:\/\/blogs.amb.cat\/alimentaciometropolitana\/wp-json\/wp\/v2\/posts\/675\/revisions"}],"predecessor-version":[{"id":1171,"href":"https:\/\/blogs.amb.cat\/alimentaciometropolitana\/wp-json\/wp\/v2\/posts\/675\/revisions\/1171"}],"wp:featuredmedia":[{"embeddable":true,"href":"https:\/\/blogs.amb.cat\/alimentaciometropolitana\/wp-json\/wp\/v2\/media\/676"}],"wp:attachment":[{"href":"https:\/\/blogs.amb.cat\/alimentaciometropolitana\/wp-json\/wp\/v2\/media?parent=675"}],"wp:term":[{"taxonomy":"category","embeddable":true,"href":"https:\/\/blogs.amb.cat\/alimentaciometropolitana\/wp-json\/wp\/v2\/categories?post=675"},{"taxonomy":"post_tag","embeddable":true,"href":"https:\/\/blogs.amb.cat\/alimentaciometropolitana\/wp-json\/wp\/v2\/tags?post=675"}],"curies":[{"name":"wp","href":"https:\/\/api.w.org\/{rel}","templated":true}]}}