
 







{"id":685,"date":"2021-10-25T06:53:00","date_gmt":"2021-10-25T04:53:00","guid":{"rendered":"https:\/\/blogs.amb.cat\/alimentaciometropolitana\/?p=685"},"modified":"2021-12-01T16:14:53","modified_gmt":"2021-12-01T14:14:53","slug":"ferm-compromis-dels-municipis-amb-lalimentacio-sostenible-al-vii-forum-global-de-politiques-alimentaries-urbanes-del-pacte-de-mila","status":"publish","type":"post","link":"https:\/\/blogs.amb.cat\/alimentaciometropolitana\/2021\/10\/25\/ferm-compromis-dels-municipis-amb-lalimentacio-sostenible-al-vii-forum-global-de-politiques-alimentaries-urbanes-del-pacte-de-mila\/","title":{"rendered":"Ferm comprom\u00eds dels municipis amb l\u2019alimentaci\u00f3 sostenible al VII F\u00f2rum Global de Pol\u00edtiques Aliment\u00e0ries Urbanes del Pacte de Mil\u00e0"},"content":{"rendered":"\n<p class=\"has-medium-font-size\">Ada Colau demana una estrat\u00e8gia metropolitana<\/p>\n\n\n\n<p>\u201cAra toca exigir als Estats i a les grans empreses. Prou de paraules, necessitem fets. El canvi del sistema alimentari ha de formar part del nucli dur de l\u2019acci\u00f3 clim\u00e0tica\u201d. Aix\u00ed va parlar Ada Colau, alcaldessa de Barcelona i presidenta de l\u2019\u00c0rea Metropolitana de Barcelona (AMB), al <a href=\"https:\/\/blogs.amb.cat\/alimentaciometropolitana\/2021\/09\/16\/compte-enrere-per-a-la-celebracio-del-7e-global-forum-del-pacte-de-ciutats-de-mila\/\">VII F\u00f2rum Global de Pol\u00edtiques Aliment\u00e0ries Urbanes del Pacte de Mil\u00e0<\/a>.<\/p>\n\n\n\n<p>Durant els tres dies de <a href=\"https:\/\/www.barcelona-milanpact2021.com\/ca\" target=\"_blank\" rel=\"noreferrer noopener\">cimera<\/a> (19-21 d\u2019octubre) es van succeir les sessions en qu\u00e8 representants de ciutats, institucions i entitats d\u2019arreu del m\u00f3n van compartir propostes per promoure i aconseguir una alimentaci\u00f3 sostenible des de les urbs.<\/p>\n\n\n\n<p>Dimarts 19, en un <a href=\"https:\/\/www.amb.cat\/ca\/web\/amb\/actualitat\/sala-de-premsa\/notes-de-premsa\/detall\/-\/notapremsa\/compromis-metropolita-per-a-l-alimentacio-sostenible--l-amb--al-costat\/11787747\/11696\">acte<\/a> organitzat per l\u2019AMB i la Generalitat de Catalunya, en col\u00b7laboraci\u00f3 amb el Pla Estrat\u00e8gic Metropolit\u00e0 de Barcelona (PEMB), Colau va insistir en qu\u00e8 \u201cper anar cap a una alimentaci\u00f3 m\u00e9s sostenible i saludable per a la nostra ciutadania i el conjunt del planeta necessitem una estrat\u00e8gia compartida, i a Barcelona aquesta estrat\u00e8gia \u00e9s en clau metropolitana\u201d. \u201cLa metr\u00f2polis barcelonina vol ser la principal aliada del sector primari al territori, generar-hi oportunitats de desenvolupament i fer un consum m\u00e9s responsable&#8221;, va afegir.<\/p>\n\n\n\n<p>Montserrat Ballar\u00edn, vicepresidenta de <a href=\"https:\/\/www.amb.cat\/s\/web\/desenvolupament-socioeconomic\/desenvolupament-socioeconomic.html\">Desenvolupament Social i Econ\u00f2mic de l&#8217;AMB<\/a>, va assegurar que &#8220;els municipis tenen molt a dir i molt a fer en el sistema alimentari&#8221;. Cal &#8220;impulsar pol\u00edtiques aliment\u00e0ries noves amb abast local que garanteixin aliments segurs, ecol\u00f2gics i accessibles a tothom&#8221;. Per fer-ho possible, segons Ballar\u00edn s\u00f3n fonamentals &#8220;la tra\u00e7abilitat, per aportar m\u00e9s llum al sistema alimentari globalitzat, i la producci\u00f3 de proximitat, de casa nostra, que cal refor\u00e7ar&#8221;.<\/p>\n\n\n\n<p>Annalisa Giocoli, arquitecta del <a href=\"https:\/\/urbanisme.amb.cat\/pdu-metropolita\">pla director urban\u00edstic metropolit\u00e0<\/a>, va explicar com l\u2019AMB pot abordar les pol\u00edtiques d&#8217;alimentaci\u00f3 sostenible des de l&#8217;urbanisme, a partir d&#8217;espais oberts, vores urbanes i ciutats, aix\u00ed com amb horts urbans comunitaris o el CIAP, un nou centre d&#8217;intercanvi de productes de proximitat a Mercabarna.<\/p>\n\n\n\n<p>Jos\u00e9 Luis Haro, responsable de programes d&#8217;Economies Locals Emergents de l&#8217;AMB, va apuntar que l\u2019alimentaci\u00f3 \u00e9s un nou vector en el model de ciutat, estructural i estrat\u00e8gic&#8221;. Aix\u00ed, cal dotar els municipis de &#8220;serveis d&#8217;infraestructura sobre pol\u00edtiques aliment\u00e0ries per garantir que podem alimentar la poblaci\u00f3 de manera justa i saludable en les pr\u00f2ximes d\u00e8cades&#8221;. I va exposar alguns dels projectes concrets de l\u2019AMB que segueixen aquests objectius: la millora en el tractament de residus, els menjadors escolars amb alimentaci\u00f3 ecol\u00f2gica i de proximitat, l&#8217;impuls de circuits curts de comercialitzaci\u00f3 o un projecte europeu d&#8217;emprenedoria en agricultura urbana, entre d&#8217;altres.<\/p>\n\n\n\n<p>Els tres dies de la cimera van comptar amb la participaci\u00f3 de 700 persones de 200 ciutats i 150 ponents de 30 pa\u00efsos. L\u2019any que ve Rio de Janeiro (Brasil) acollir\u00e0 el f\u00f2rum.<\/p>\n","protected":false},"excerpt":{"rendered":"<p>Ada Colau demana una estrat\u00e8gia metropolitana \u201cAra toca exigir als Estats i a les grans empreses. Prou de paraules, necessitem fets. El canvi del sistema alimentari ha de formar part del nucli dur de l\u2019acci\u00f3 clim\u00e0tica\u201d. Aix\u00ed va parlar Ada Colau, alcaldessa de Barcelona i presidenta de l\u2019\u00c0rea Metropolitana de Barcelona (AMB), al VII F\u00f2rum [&hellip;]<\/p>\n","protected":false},"author":38,"featured_media":686,"comment_status":"closed","ping_status":"open","sticky":false,"template":"","format":"standard","meta":{"_oasis_is_in_workflow":0,"_oasis_original":0,"ngg_post_thumbnail":0},"categories":[1],"tags":[14,97,18],"_links":{"self":[{"href":"https:\/\/blogs.amb.cat\/alimentaciometropolitana\/wp-json\/wp\/v2\/posts\/685"}],"collection":[{"href":"https:\/\/blogs.amb.cat\/alimentaciometropolitana\/wp-json\/wp\/v2\/posts"}],"about":[{"href":"https:\/\/blogs.amb.cat\/alimentaciometropolitana\/wp-json\/wp\/v2\/types\/post"}],"author":[{"embeddable":true,"href":"https:\/\/blogs.amb.cat\/alimentaciometropolitana\/wp-json\/wp\/v2\/users\/38"}],"replies":[{"embeddable":true,"href":"https:\/\/blogs.amb.cat\/alimentaciometropolitana\/wp-json\/wp\/v2\/comments?post=685"}],"version-history":[{"count":1,"href":"https:\/\/blogs.amb.cat\/alimentaciometropolitana\/wp-json\/wp\/v2\/posts\/685\/revisions"}],"predecessor-version":[{"id":687,"href":"https:\/\/blogs.amb.cat\/alimentaciometropolitana\/wp-json\/wp\/v2\/posts\/685\/revisions\/687"}],"wp:featuredmedia":[{"embeddable":true,"href":"https:\/\/blogs.amb.cat\/alimentaciometropolitana\/wp-json\/wp\/v2\/media\/686"}],"wp:attachment":[{"href":"https:\/\/blogs.amb.cat\/alimentaciometropolitana\/wp-json\/wp\/v2\/media?parent=685"}],"wp:term":[{"taxonomy":"category","embeddable":true,"href":"https:\/\/blogs.amb.cat\/alimentaciometropolitana\/wp-json\/wp\/v2\/categories?post=685"},{"taxonomy":"post_tag","embeddable":true,"href":"https:\/\/blogs.amb.cat\/alimentaciometropolitana\/wp-json\/wp\/v2\/tags?post=685"}],"curies":[{"name":"wp","href":"https:\/\/api.w.org\/{rel}","templated":true}]}}