
 







{"id":70,"date":"2021-04-19T08:35:00","date_gmt":"2021-04-19T06:35:00","guid":{"rendered":"https:\/\/blogs.amb.cat\/alimentaciometropolitana\/?p=70"},"modified":"2021-05-13T00:40:13","modified_gmt":"2021-05-12T22:40:13","slug":"segona-edicio-dels-premis-mercabarna-paco-munoz-contra-el-malbaratament-alimentari","status":"publish","type":"post","link":"https:\/\/blogs.amb.cat\/alimentaciometropolitana\/2021\/04\/19\/segona-edicio-dels-premis-mercabarna-paco-munoz-contra-el-malbaratament-alimentari\/","title":{"rendered":"Segona edici\u00f3 dels premis Mercabarna Paco Mu\u00f1oz contra el malbaratament alimentari"},"content":{"rendered":"\n<p class=\"has-medium-font-size\">La data l\u00edmit per presentar-s\u2019hi \u00e9s el 14 de juny<\/p>\n\n\n\n<p>Productors, empreses majoristes, detallistes, emprenedors, cooperatives i entitats de car\u00e0cter social que hagin implantat projectes de reducci\u00f3 del malbaratament d&#8217;aliments s\u00f3n els possibles beneficiaris de la segona edici\u00f3 dels premis Mercabarna Paco Mu\u00f1oz contra el malbaratament alimentari.<\/p>\n\n\n\n<p>\u00c9s una iniciativa que vol promoure i recon\u00e8ixer projectes d\u2019arreu de Catalunya que lluiten contra el malbaratament alimentari i l\u2019aprofitament d&#8217;aliments amb impacte econ\u00f2mic, social i\/o mediambiental als diversos esglaons de la cadena agroaliment\u00e0ria.<\/p>\n\n\n\n<p>El premi consta de tres categories, cadascuna dotada amb 5.000 euros per als guanyadors. Aquestes s\u00f3n les seves caracter\u00edstiques:<\/p>\n\n\n\n<p>\u2022 millor iniciativa del sector privat. S\u2019hi poden presentar projectes d&#8217;empreses majoristes, minoristes o del sector primari que estiguin aplicant mesures que ajudin a reduir la p\u00e8rdua d&#8217;aliments als sectors hortofruct\u00edcola, carni o de la pesca i\/o facilitin l\u2019aprofitament amb impacte econ\u00f2mic, social i\/o mediambiental<br>\u2022 millor iniciativa d&#8217;emprenedoria. S\u2019hi poden presentar iniciatives i projectes d&#8217;emprenedoria vinculats a la innovaci\u00f3 social i\/o mediambiental que tinguin com a objectiu la reducci\u00f3 del malbaratament i l\u2019aprofitament alimentari a Catalunya<br>\u2022 millor iniciativa del tercer sector. S\u2019hi poden presentar entitats sense \u00e0nim de lucre i cooperatives que estiguin impulsant iniciatives d\u2019aprofitament alimentari amb car\u00e0cter social i mediambiental, amb seu a Catalunya<\/p>\n\n\n\n<p>Hi ha temps per presentar-s\u2019hi fins al 14 de juny de 2021. Podeu trobar m\u00e9s informaci\u00f3 al <a href=\"https:\/\/www.mercabarna.es\/responsabilitat-social\/premis-contra-el-malbaratament\/\" target=\"_blank\" rel=\"noreferrer noopener\">web de Mercabarna<\/a>.<\/p>\n","protected":false},"excerpt":{"rendered":"<p>La data l\u00edmit per presentar-s\u2019hi \u00e9s el 14 de juny Productors, empreses majoristes, detallistes, emprenedors, cooperatives i entitats de car\u00e0cter social que hagin implantat projectes de reducci\u00f3 del malbaratament d&#8217;aliments s\u00f3n els possibles beneficiaris de la segona edici\u00f3 dels premis Mercabarna Paco Mu\u00f1oz contra el malbaratament alimentari. \u00c9s una iniciativa que vol promoure i recon\u00e8ixer [&hellip;]<\/p>\n","protected":false},"author":38,"featured_media":71,"comment_status":"closed","ping_status":"open","sticky":false,"template":"","format":"standard","meta":{"_oasis_is_in_workflow":0,"_oasis_original":0,"ngg_post_thumbnail":0},"categories":[1],"tags":[23,31,30],"_links":{"self":[{"href":"https:\/\/blogs.amb.cat\/alimentaciometropolitana\/wp-json\/wp\/v2\/posts\/70"}],"collection":[{"href":"https:\/\/blogs.amb.cat\/alimentaciometropolitana\/wp-json\/wp\/v2\/posts"}],"about":[{"href":"https:\/\/blogs.amb.cat\/alimentaciometropolitana\/wp-json\/wp\/v2\/types\/post"}],"author":[{"embeddable":true,"href":"https:\/\/blogs.amb.cat\/alimentaciometropolitana\/wp-json\/wp\/v2\/users\/38"}],"replies":[{"embeddable":true,"href":"https:\/\/blogs.amb.cat\/alimentaciometropolitana\/wp-json\/wp\/v2\/comments?post=70"}],"version-history":[{"count":1,"href":"https:\/\/blogs.amb.cat\/alimentaciometropolitana\/wp-json\/wp\/v2\/posts\/70\/revisions"}],"predecessor-version":[{"id":72,"href":"https:\/\/blogs.amb.cat\/alimentaciometropolitana\/wp-json\/wp\/v2\/posts\/70\/revisions\/72"}],"wp:featuredmedia":[{"embeddable":true,"href":"https:\/\/blogs.amb.cat\/alimentaciometropolitana\/wp-json\/wp\/v2\/media\/71"}],"wp:attachment":[{"href":"https:\/\/blogs.amb.cat\/alimentaciometropolitana\/wp-json\/wp\/v2\/media?parent=70"}],"wp:term":[{"taxonomy":"category","embeddable":true,"href":"https:\/\/blogs.amb.cat\/alimentaciometropolitana\/wp-json\/wp\/v2\/categories?post=70"},{"taxonomy":"post_tag","embeddable":true,"href":"https:\/\/blogs.amb.cat\/alimentaciometropolitana\/wp-json\/wp\/v2\/tags?post=70"}],"curies":[{"name":"wp","href":"https:\/\/api.w.org\/{rel}","templated":true}]}}