
 







{"id":715,"date":"2021-11-10T14:56:00","date_gmt":"2021-11-10T12:56:00","guid":{"rendered":"https:\/\/blogs.amb.cat\/alimentaciometropolitana\/?p=715"},"modified":"2021-12-23T11:29:15","modified_gmt":"2021-12-23T09:29:15","slug":"espigolada-popular-al-prat-de-llobregat","status":"publish","type":"post","link":"https:\/\/blogs.amb.cat\/alimentaciometropolitana\/2021\/11\/10\/espigolada-popular-al-prat-de-llobregat\/","title":{"rendered":"Espigolada popular al Prat de Llobregat"},"content":{"rendered":"\n<p class=\"has-medium-font-size\">Dissabte 13, una acci\u00f3 conjunta contra el malbaratament d\u2019aliments<\/p>\n\n\n\n<p>L\u2019Ajuntament del Prat de Llobregat convida la ciutadania a participar, dissabte 13 de novembre, a una <a href=\"https:\/\/www.elprat.cat\/la-ciutat\/guia-agenda\/espigolada-popular-0\">espigolada popular<\/a> al Parc Agrari del Baix Llobregat. L\u2019activitat comen\u00e7ar\u00e0 a les 10h i s\u2019allargar\u00e0 fins a les 13h.<\/p>\n\n\n\n<p>Es tracta d\u2019una acci\u00f3, en col\u00b7laboraci\u00f3 amb <a href=\"https:\/\/espigoladors.cat\/ca\/\">Espigoladors<\/a>, per recollir fruites i verdures que el circuit comercial descarta (perqu\u00e8 no s\u00f3n est\u00e8tiques, perqu\u00e8 hi ha excedents de producci\u00f3 o per davallada de vendes). \u00c9s una manera d\u2019aprofitar aliments que, si no, es llencen i malbaraten.<\/p>\n\n\n\n<p>La participaci\u00f3 a l\u2019espigolada \u00e9s oberta i gratu\u00efta, per\u00f2 hi ha 20 places disponibles i cal inscriure-s\u2019hi mitjan\u00e7ant <a href=\"https:\/\/forms.office.com\/pages\/responsepage.aspx?id=AVH86nhT40K4zrWtJZkGcAsbyHgDKKdBj279ufQSugJUM0JBRUg2U1pKVVJJUzRFMkpSQlZSVkNLQy4u\">aquest formulari<\/a>.<\/p>\n","protected":false},"excerpt":{"rendered":"<p>Dissabte 13, una acci\u00f3 conjunta contra el malbaratament d\u2019aliments L\u2019Ajuntament del Prat de Llobregat convida la ciutadania a participar, dissabte 13 de novembre, a una espigolada popular al Parc Agrari del Baix Llobregat. L\u2019activitat comen\u00e7ar\u00e0 a les 10h i s\u2019allargar\u00e0 fins a les 13h. Es tracta d\u2019una acci\u00f3, en col\u00b7laboraci\u00f3 amb Espigoladors, per recollir fruites [&hellip;]<\/p>\n","protected":false},"author":38,"featured_media":716,"comment_status":"closed","ping_status":"open","sticky":false,"template":"","format":"standard","meta":{"_oasis_is_in_workflow":0,"_oasis_original":0,"ngg_post_thumbnail":0},"categories":[1],"tags":[47,65,23],"_links":{"self":[{"href":"https:\/\/blogs.amb.cat\/alimentaciometropolitana\/wp-json\/wp\/v2\/posts\/715"}],"collection":[{"href":"https:\/\/blogs.amb.cat\/alimentaciometropolitana\/wp-json\/wp\/v2\/posts"}],"about":[{"href":"https:\/\/blogs.amb.cat\/alimentaciometropolitana\/wp-json\/wp\/v2\/types\/post"}],"author":[{"embeddable":true,"href":"https:\/\/blogs.amb.cat\/alimentaciometropolitana\/wp-json\/wp\/v2\/users\/38"}],"replies":[{"embeddable":true,"href":"https:\/\/blogs.amb.cat\/alimentaciometropolitana\/wp-json\/wp\/v2\/comments?post=715"}],"version-history":[{"count":2,"href":"https:\/\/blogs.amb.cat\/alimentaciometropolitana\/wp-json\/wp\/v2\/posts\/715\/revisions"}],"predecessor-version":[{"id":718,"href":"https:\/\/blogs.amb.cat\/alimentaciometropolitana\/wp-json\/wp\/v2\/posts\/715\/revisions\/718"}],"wp:featuredmedia":[{"embeddable":true,"href":"https:\/\/blogs.amb.cat\/alimentaciometropolitana\/wp-json\/wp\/v2\/media\/716"}],"wp:attachment":[{"href":"https:\/\/blogs.amb.cat\/alimentaciometropolitana\/wp-json\/wp\/v2\/media?parent=715"}],"wp:term":[{"taxonomy":"category","embeddable":true,"href":"https:\/\/blogs.amb.cat\/alimentaciometropolitana\/wp-json\/wp\/v2\/categories?post=715"},{"taxonomy":"post_tag","embeddable":true,"href":"https:\/\/blogs.amb.cat\/alimentaciometropolitana\/wp-json\/wp\/v2\/tags?post=715"}],"curies":[{"name":"wp","href":"https:\/\/api.w.org\/{rel}","templated":true}]}}