
 







{"id":723,"date":"2021-11-18T16:02:00","date_gmt":"2021-11-18T14:02:00","guid":{"rendered":"https:\/\/blogs.amb.cat\/alimentaciometropolitana\/?p=723"},"modified":"2021-12-23T11:28:20","modified_gmt":"2021-12-23T09:28:20","slug":"inauguracio-del-projecte-terra-teca-traca","status":"publish","type":"post","link":"https:\/\/blogs.amb.cat\/alimentaciometropolitana\/2021\/11\/18\/inauguracio-del-projecte-terra-teca-traca\/","title":{"rendered":"Inauguraci\u00f3 del projecte \u201cTerra, teca, traca\u201d"},"content":{"rendered":"\n<p class=\"has-medium-font-size\">Diumenge 21 de novembre al CCCB i durant la setmana seg\u00fcent a diversos espais de Barcelona<\/p>\n\n\n\n<p>\u201cJuntes reivindiquem la terra, que ens aguanta i ens sustenta, i el treball de qui la cuida i la fa f\u00e8rtil; reivindiquem la teca, que ens nodreix i ens aporta plaer, tot situant al centre el fet de menjar, com a acte pol\u00edtic, necessari i fonamental per a cuidar la vida, i ho fem amb una traca, per a despertar consci\u00e8ncia sobre l\u2019aliment produ\u00eft amb els principis de l\u2019agroecologia i la sobirania aliment\u00e0ria\u201d.<\/p>\n\n\n\n<p>Amb aquesta declaraci\u00f3 d\u2019intencions el projecte <a href=\"https:\/\/www.terratecatraca.cat\/\" target=\"_blank\" rel=\"noreferrer noopener\">\u201cTerra, teca, traca\u201d<\/a> es dona a con\u00e8ixer aquest diumenge al Centre de Cultura Contempor\u00e0nia de Barcelona (CCCB). Ser\u00e0 una <a href=\"https:\/\/www.terratecatraca.cat\/event\/inauguracio-terra-teca-traca\/\" target=\"_blank\" rel=\"noreferrer noopener\">jornada festiva<\/a> en qu\u00e8 es presentaran les set resid\u00e8ncies art\u00edstiques que, durant uns mesos, han reunit artistes, cient\u00edfiques i pageses per dur a terme iniciatives \u201carrelades al m\u00f3n rural per a portar a la capital de l\u2019alimentaci\u00f3 un missatge sobre agroecologia i sobirania aliment\u00e0ria\u201d, expliquen.<\/p>\n\n\n\n<p>Durant la setmana del 22 de novembre les propostes resultants de les set resid\u00e8ncies art\u00edstiques es presentaran a set indrets de Barcelona en forma d\u2019exposicions visuals, musicals, liter\u00e0ries i de dansa. Tamb\u00e9 hi haur\u00e0 xerrades amb les pageses i cient\u00edfiques participants.<\/p>\n\n\n\n<p>Cadascuna de les resid\u00e8ncies ha cobert una zona de Catalunya i un tema concret:<br>\u2022 ramats de la biodiversitat a l\u2019Alt Pirineu<br>\u2022 llavors vives i sobiranes al Priorat<br>\u2022 vi, identitat, territori, tamb\u00e9 al Priorat<br>\u2022 resili\u00e8ncies silvestres: biodiversitat i coneixement local a la Catalunya central<br>\u2022 p\u00e9ixer: xarxes de coneixement per una pesca sostenible a l\u2019Alt Empord\u00e0<br>\u2022 aus, arr\u00f2s i mimetismes a Deltebre<br>\u2022 terra en mudan\u00e7a als peus de Montserrat<\/p>\n\n\n\n<p>L\u2019acte de diumenge 21 de novembre comen\u00e7ar\u00e0 a les 12 h i l\u2019acc\u00e9s \u00e9s obert i lliure, amb inscripci\u00f3 pr\u00e8via <a href=\"https:\/\/docs.google.com\/forms\/d\/e\/1FAIpQLSfFF6ZL3XMxAc82JiOLd_Npjf9wRHMor3JQnGaUaLgDaBx3AA\/viewform?vc=0&amp;c=0&amp;w=1&amp;flr=0\" target=\"_blank\" rel=\"noreferrer noopener\">aqu\u00ed<\/a>. I podeu consultar els actes que es faran a Barcelona <a href=\"https:\/\/www.terratecatraca.cat\/\" target=\"_blank\" rel=\"noreferrer noopener\">aqu\u00ed<\/a>.<\/p>\n","protected":false},"excerpt":{"rendered":"<p>Diumenge 21 de novembre al CCCB i durant la setmana seg\u00fcent a diversos espais de Barcelona \u201cJuntes reivindiquem la terra, que ens aguanta i ens sustenta, i el treball de qui la cuida i la fa f\u00e8rtil; reivindiquem la teca, que ens nodreix i ens aporta plaer, tot situant al centre el fet de menjar, [&hellip;]<\/p>\n","protected":false},"author":38,"featured_media":724,"comment_status":"closed","ping_status":"open","sticky":false,"template":"","format":"standard","meta":{"_oasis_is_in_workflow":0,"_oasis_original":0,"ngg_post_thumbnail":0},"categories":[1],"tags":[54,10,7,135],"_links":{"self":[{"href":"https:\/\/blogs.amb.cat\/alimentaciometropolitana\/wp-json\/wp\/v2\/posts\/723"}],"collection":[{"href":"https:\/\/blogs.amb.cat\/alimentaciometropolitana\/wp-json\/wp\/v2\/posts"}],"about":[{"href":"https:\/\/blogs.amb.cat\/alimentaciometropolitana\/wp-json\/wp\/v2\/types\/post"}],"author":[{"embeddable":true,"href":"https:\/\/blogs.amb.cat\/alimentaciometropolitana\/wp-json\/wp\/v2\/users\/38"}],"replies":[{"embeddable":true,"href":"https:\/\/blogs.amb.cat\/alimentaciometropolitana\/wp-json\/wp\/v2\/comments?post=723"}],"version-history":[{"count":1,"href":"https:\/\/blogs.amb.cat\/alimentaciometropolitana\/wp-json\/wp\/v2\/posts\/723\/revisions"}],"predecessor-version":[{"id":725,"href":"https:\/\/blogs.amb.cat\/alimentaciometropolitana\/wp-json\/wp\/v2\/posts\/723\/revisions\/725"}],"wp:featuredmedia":[{"embeddable":true,"href":"https:\/\/blogs.amb.cat\/alimentaciometropolitana\/wp-json\/wp\/v2\/media\/724"}],"wp:attachment":[{"href":"https:\/\/blogs.amb.cat\/alimentaciometropolitana\/wp-json\/wp\/v2\/media?parent=723"}],"wp:term":[{"taxonomy":"category","embeddable":true,"href":"https:\/\/blogs.amb.cat\/alimentaciometropolitana\/wp-json\/wp\/v2\/categories?post=723"},{"taxonomy":"post_tag","embeddable":true,"href":"https:\/\/blogs.amb.cat\/alimentaciometropolitana\/wp-json\/wp\/v2\/tags?post=723"}],"curies":[{"name":"wp","href":"https:\/\/api.w.org\/{rel}","templated":true}]}}