
 







{"id":726,"date":"2021-11-18T16:15:00","date_gmt":"2021-11-18T14:15:00","guid":{"rendered":"https:\/\/blogs.amb.cat\/alimentaciometropolitana\/?p=726"},"modified":"2021-12-23T11:25:00","modified_gmt":"2021-12-23T09:25:00","slug":"aula-de-can-calopa-un-nou-projecte-de-divulgacio-de-lentorn-rural-i-natural-de-la-serra-de-collserola","status":"publish","type":"post","link":"https:\/\/blogs.amb.cat\/alimentaciometropolitana\/2021\/11\/18\/aula-de-can-calopa-un-nou-projecte-de-divulgacio-de-lentorn-rural-i-natural-de-la-serra-de-collserola\/","title":{"rendered":"Aula de Can Calopa, un nou projecte de divulgaci\u00f3 de l\u2019entorn rural i natural de la serra de Collserola"},"content":{"rendered":"\n<p class=\"has-medium-font-size\">\u00daltima iniciativa de la cooperativa L\u2019Olivera<\/p>\n\n\n\n<p>La cooperativa <a href=\"https:\/\/olivera.org\/ca\/\" target=\"_blank\" rel=\"noreferrer noopener\">L\u2019Olivera<\/a>, responsable de la masia <a href=\"https:\/\/olivera.org\/ca\/nosaltres\/#section-un-projecte-dos-paisatges\" target=\"_blank\" rel=\"noreferrer noopener\">Can Calopa de Collserola<\/a>, entre d\u2019altres projectes, acaba de presentar una nova proposta: l\u2019Aula de Can Calopa. Es tracta d\u2019un espai per promoure i donar a con\u00e8ixer l\u2019entorn rural i natural de la serra de Collserola.<\/p>\n\n\n\n<p>Un equip d\u2019educadors, enginyers agr\u00f2noms i mediambientals ha comen\u00e7at a oferir, aquesta tardor, tallers i activitats pedag\u00f2giques sobre biodiversitat, agroecologia, vida rural i economia social i solid\u00e0ria. Una part de la formaci\u00f3 es dirigeix a escoles i centres educatius i l\u2019altra, a fam\u00edlies i al p\u00fablic en general.<\/p>\n\n\n\n<p>Entre les activitats que ja s\u2019han programat a la masia de Can Calopa hi ha fer de pag\u00e8s, portar un ramat d\u2019ovelles, identificar el rastre de la fauna aut\u00f2ctona de Collserola o construir un projecte cooperatiu.<\/p>\n","protected":false},"excerpt":{"rendered":"<p>\u00daltima iniciativa de la cooperativa L\u2019Olivera La cooperativa L\u2019Olivera, responsable de la masia Can Calopa de Collserola, entre d\u2019altres projectes, acaba de presentar una nova proposta: l\u2019Aula de Can Calopa. Es tracta d\u2019un espai per promoure i donar a con\u00e8ixer l\u2019entorn rural i natural de la serra de Collserola. Un equip d\u2019educadors, enginyers agr\u00f2noms i [&hellip;]<\/p>\n","protected":false},"author":38,"featured_media":727,"comment_status":"closed","ping_status":"open","sticky":false,"template":"","format":"standard","meta":{"_oasis_is_in_workflow":0,"_oasis_original":0,"ngg_post_thumbnail":0},"categories":[1],"tags":[16,20,22],"_links":{"self":[{"href":"https:\/\/blogs.amb.cat\/alimentaciometropolitana\/wp-json\/wp\/v2\/posts\/726"}],"collection":[{"href":"https:\/\/blogs.amb.cat\/alimentaciometropolitana\/wp-json\/wp\/v2\/posts"}],"about":[{"href":"https:\/\/blogs.amb.cat\/alimentaciometropolitana\/wp-json\/wp\/v2\/types\/post"}],"author":[{"embeddable":true,"href":"https:\/\/blogs.amb.cat\/alimentaciometropolitana\/wp-json\/wp\/v2\/users\/38"}],"replies":[{"embeddable":true,"href":"https:\/\/blogs.amb.cat\/alimentaciometropolitana\/wp-json\/wp\/v2\/comments?post=726"}],"version-history":[{"count":1,"href":"https:\/\/blogs.amb.cat\/alimentaciometropolitana\/wp-json\/wp\/v2\/posts\/726\/revisions"}],"predecessor-version":[{"id":728,"href":"https:\/\/blogs.amb.cat\/alimentaciometropolitana\/wp-json\/wp\/v2\/posts\/726\/revisions\/728"}],"wp:featuredmedia":[{"embeddable":true,"href":"https:\/\/blogs.amb.cat\/alimentaciometropolitana\/wp-json\/wp\/v2\/media\/727"}],"wp:attachment":[{"href":"https:\/\/blogs.amb.cat\/alimentaciometropolitana\/wp-json\/wp\/v2\/media?parent=726"}],"wp:term":[{"taxonomy":"category","embeddable":true,"href":"https:\/\/blogs.amb.cat\/alimentaciometropolitana\/wp-json\/wp\/v2\/categories?post=726"},{"taxonomy":"post_tag","embeddable":true,"href":"https:\/\/blogs.amb.cat\/alimentaciometropolitana\/wp-json\/wp\/v2\/tags?post=726"}],"curies":[{"name":"wp","href":"https:\/\/api.w.org\/{rel}","templated":true}]}}