
 







{"id":729,"date":"2021-11-20T08:20:00","date_gmt":"2021-11-20T06:20:00","guid":{"rendered":"https:\/\/blogs.amb.cat\/alimentaciometropolitana\/?p=729"},"modified":"2022-05-11T09:53:44","modified_gmt":"2022-05-11T07:53:44","slug":"el-prat-centre-de-lalimentacio-sostenible-amb-lexposicio-menja-actua-impacta","status":"publish","type":"post","link":"https:\/\/blogs.amb.cat\/alimentaciometropolitana\/2021\/11\/20\/el-prat-centre-de-lalimentacio-sostenible-amb-lexposicio-menja-actua-impacta\/","title":{"rendered":"El Prat, centre de l\u2019alimentaci\u00f3 sostenible amb l\u2019exposici\u00f3 \u201cMenja, actua, impacta\u201d"},"content":{"rendered":"\n<p class=\"has-medium-font-size\">Un gran projecte adre\u00e7at a tots els p\u00fablics<\/p>\n\n\n\n<p>Una exposici\u00f3 de 1.500 m2, un projecte educatiu, un programa digital i un programa d\u2019esdeveniments. Aquesta \u00e9s la carta de presentaci\u00f3 del projecte <a href=\"https:\/\/menjaactuaimpacta.org\/\" target=\"_blank\" rel=\"noreferrer noopener\">\u201cMenja, actua, impacta\u201d<\/a>, que avui s\u2019ha inaugurat al Centre Esplai del Prat de Llobregat i que compta amb el suport institucional de la Generalitat de Catalunya, la Diputaci\u00f3 de Barcelona, l&#8217;\u00c0rea Metropolitana de Barcelona i l&#8217;Ajuntament d&#8217;El Prat de Llobregat, aix\u00ed com la col\u00b7laboraci\u00f3 i suport de diferents centres de recerca, institucions i empreses.<\/p>\n\n\n\n<p>Amb l\u2019objectiu de facilitar el coneixement sobre l\u2019alimentaci\u00f3 sostenible i saludable a tots els p\u00fablics, Fundesplai i altres entitats (agrupades sota l\u2019organitzaci\u00f3 <a href=\"https:\/\/menjaactuaimpacta.org\/nosaltres\/dema\/\" target=\"_blank\" rel=\"noreferrer noopener\">Dem\u00e0<\/a>) han posat en marxa aquesta iniciativa, que se serveix de formats diversos per deixar una empremta en els visitants.<\/p>\n\n\n\n<p><a href=\"https:\/\/menjaactuaimpacta.org\/descobreix-exposicio\/\" target=\"_blank\" rel=\"noreferrer noopener\">L\u2019exposici\u00f3<\/a>, \u201cimmersiva, cr\u00edtica, provocativa\u201d, segons els organitzadors, \u00e9s un viatge \u201clocal i global pel sistema alimentari, situat al bell mig dels grans reptes als quals hem de fer front com a societat\u201d. Un recorregut pels cinc grans temes en qu\u00e8 \u201ccal actuar per afrontar l\u2019emerg\u00e8ncia planet\u00e0ria i avan\u00e7ar cap a l\u2019assoliment dels Objectius de Desenvolupament Sostenible 2030 en mat\u00e8ria d\u2019alimentaci\u00f3\u201d.<br>La mostra est\u00e0 formada per un espai audiovisual, la zona expositiva pr\u00f2piament, un espai de reflexi\u00f3 per prendre consci\u00e8ncia sobre els nostres h\u00e0bits alimentaris, un mercat de solucions i un espai interactiu on poder-se expressar.<\/p>\n\n\n\n<p>El <a href=\"https:\/\/menjaactuaimpacta.org\/educacio\/el-projecte-educatiu\/\" target=\"_blank\" rel=\"noreferrer noopener\">projecte educatiu<\/a>, dirigit a centres educatius i esplais, est\u00e0 format per diverses activitats que pretenen potenciar les compet\u00e8ncies i habilitats al voltant d\u2019una alimentaci\u00f3 sostenible i saludable. Les propostes estan segmentades segons l\u2019edat dels infants i adolescents i en destaca un scape room.<\/p>\n\n\n\n<p>Recursos, v\u00eddeos, articles, entrevistes i receptes configuren l\u2019<a href=\"https:\/\/menjaactuaimpacta.org\/explora-continguts\/\" target=\"_blank\" rel=\"noreferrer noopener\">apartat digital<\/a> del projecte, que pret\u00e9n facilitar i estendre els beneficis d\u2019una alimentaci\u00f3 saludable i sostenible. Finalment, una <a href=\"https:\/\/menjaactuaimpacta.org\/agenda\/\" target=\"_blank\" rel=\"noreferrer noopener\">agenda d\u2019actes<\/a> acaba de nodrir la proposta, amb actes que se succeiran al llarg dels pr\u00f2xims mesos.<\/p>\n","protected":false},"excerpt":{"rendered":"<p>Un gran projecte adre\u00e7at a tots els p\u00fablics Una exposici\u00f3 de 1.500 m2, un projecte educatiu, un programa digital i un programa d\u2019esdeveniments. Aquesta \u00e9s la carta de presentaci\u00f3 del projecte \u201cMenja, actua, impacta\u201d, que avui s\u2019ha inaugurat al Centre Esplai del Prat de Llobregat i que compta amb el suport institucional de la Generalitat [&hellip;]<\/p>\n","protected":false},"author":38,"featured_media":730,"comment_status":"closed","ping_status":"open","sticky":false,"template":"","format":"standard","meta":{"_oasis_is_in_workflow":0,"_oasis_original":0,"ngg_post_thumbnail":0},"categories":[1],"tags":[14,47,53],"_links":{"self":[{"href":"https:\/\/blogs.amb.cat\/alimentaciometropolitana\/wp-json\/wp\/v2\/posts\/729"}],"collection":[{"href":"https:\/\/blogs.amb.cat\/alimentaciometropolitana\/wp-json\/wp\/v2\/posts"}],"about":[{"href":"https:\/\/blogs.amb.cat\/alimentaciometropolitana\/wp-json\/wp\/v2\/types\/post"}],"author":[{"embeddable":true,"href":"https:\/\/blogs.amb.cat\/alimentaciometropolitana\/wp-json\/wp\/v2\/users\/38"}],"replies":[{"embeddable":true,"href":"https:\/\/blogs.amb.cat\/alimentaciometropolitana\/wp-json\/wp\/v2\/comments?post=729"}],"version-history":[{"count":1,"href":"https:\/\/blogs.amb.cat\/alimentaciometropolitana\/wp-json\/wp\/v2\/posts\/729\/revisions"}],"predecessor-version":[{"id":731,"href":"https:\/\/blogs.amb.cat\/alimentaciometropolitana\/wp-json\/wp\/v2\/posts\/729\/revisions\/731"}],"wp:featuredmedia":[{"embeddable":true,"href":"https:\/\/blogs.amb.cat\/alimentaciometropolitana\/wp-json\/wp\/v2\/media\/730"}],"wp:attachment":[{"href":"https:\/\/blogs.amb.cat\/alimentaciometropolitana\/wp-json\/wp\/v2\/media?parent=729"}],"wp:term":[{"taxonomy":"category","embeddable":true,"href":"https:\/\/blogs.amb.cat\/alimentaciometropolitana\/wp-json\/wp\/v2\/categories?post=729"},{"taxonomy":"post_tag","embeddable":true,"href":"https:\/\/blogs.amb.cat\/alimentaciometropolitana\/wp-json\/wp\/v2\/tags?post=729"}],"curies":[{"name":"wp","href":"https:\/\/api.w.org\/{rel}","templated":true}]}}