
 







{"id":73,"date":"2021-04-15T09:41:00","date_gmt":"2021-04-15T07:41:00","guid":{"rendered":"https:\/\/blogs.amb.cat\/alimentaciometropolitana\/?p=73"},"modified":"2021-05-13T00:47:21","modified_gmt":"2021-05-12T22:47:21","slug":"lajuntament-de-sant-vicenc-dels-horts-obre-les-subvencions-per-al-foment-i-impuls-de-lactivitat-agraria-professional","status":"publish","type":"post","link":"https:\/\/blogs.amb.cat\/alimentaciometropolitana\/2021\/04\/15\/lajuntament-de-sant-vicenc-dels-horts-obre-les-subvencions-per-al-foment-i-impuls-de-lactivitat-agraria-professional\/","title":{"rendered":"L\u2019Ajuntament de Sant Vicen\u00e7 dels Horts obre les subvencions per al foment i impuls de l\u2019activitat agr\u00e0ria professional"},"content":{"rendered":"\n<p class=\"has-medium-font-size\">El termini per presentar-s\u2019hi acaba el 31 d\u2019octubre de 2021<\/p>\n\n\n\n<p>Sant Vicen\u00e7 dels Horts obre, un any m\u00e9s, el termini per accedir a ajuts per al foment i impuls de l\u2019activitat agr\u00e0ria professional. Es tracta de cinc l\u00ednies que sumen fins a 15.000 euros i que es poden sol\u00b7licitar fins al 31 d\u2019octubre d\u2019enguany. S\u2019organitzen de la manera seg\u00fcent:<\/p>\n\n\n\n<p>\u2022<strong> l\u00ednia 1.<\/strong> Ajuts per a l\u2019ampliaci\u00f3 d\u2019explotacions agr\u00e0ries existents i la incorporaci\u00f3 de nova pagesia, per a persones dedicades o que es vulguin dedicar de manera professional a l\u2019agricultura dins el municipi (fins un m\u00e0xim de 5.000 \u20ac)<br>\u2022 <strong>l\u00ednia 2.<\/strong> Ajuts per fomentar la disponibilitat de terrenys per a l\u2019activitat agr\u00e0ria professional, per a persones propiet\u00e0ries de terrenys agr\u00edcoles que vulguin adequar els camps amb la finalitat de destinar-los a l\u2019activitat agr\u00e0ria professional o inscriure\u2019ls a la Borsa de Terres de Sant Vicen\u00e7 dels Horts, per explotaci\u00f3 pr\u00f2pia o aliena (fins a un m\u00e0xim de 3.000 \u20ac)<br>\u2022 <strong>l\u00ednia 3<\/strong>. Ajuts per la transici\u00f3 a la producci\u00f3 agr\u00e0ria ecol\u00f2gica, per explotacions agr\u00e0ries que tinguin terrenys agr\u00edcoles en conversi\u00f3 cap a la producci\u00f3 agr\u00e0ria ecol\u00f2gica segons els criteris de certificaci\u00f3 del CCPAE (fins un m\u00e0xim de 3.000 \u20ac)<br>\u2022 <strong>l\u00ednia 4.<\/strong> Ajuts per la modernitzaci\u00f3, innovaci\u00f3 i millora de la sostenibilitat de les explotacions agr\u00e0ries professionals, per explotacions agr\u00e0ries professionals en actiu (fins un m\u00e0xim de 3.000 \u20ac)<br>\u2022 <strong>l\u00ednia 5<\/strong>. Ajuts per a la transformaci\u00f3 digital del teixit productiu local, per a explotacions agr\u00e0ries professionals en actiu (fins un m\u00e0xim de 1.000 \u20ac)<\/p>\n\n\n\n<p>Podeu trobar tota la informaci\u00f3, <a href=\"http:\/\/www.svh.cat\/ajuntament-seu-electronica\/subvencions-i-ajuts\/convocatories\/subvencions-destinades-al-foment-i-impuls-de-lactivitat-agraria-professional-2021\/\" target=\"_blank\" rel=\"noreferrer noopener\">aqu\u00ed<\/a>.<\/p>\n","protected":false},"excerpt":{"rendered":"<p>El termini per presentar-s\u2019hi acaba el 31 d\u2019octubre de 2021 Sant Vicen\u00e7 dels Horts obre, un any m\u00e9s, el termini per accedir a ajuts per al foment i impuls de l\u2019activitat agr\u00e0ria professional. Es tracta de cinc l\u00ednies que sumen fins a 15.000 euros i que es poden sol\u00b7licitar fins al 31 d\u2019octubre d\u2019enguany. S\u2019organitzen [&hellip;]<\/p>\n","protected":false},"author":38,"featured_media":74,"comment_status":"closed","ping_status":"open","sticky":false,"template":"","format":"standard","meta":{"_oasis_is_in_workflow":0,"_oasis_original":0,"ngg_post_thumbnail":0},"categories":[1],"tags":[34,33,32],"_links":{"self":[{"href":"https:\/\/blogs.amb.cat\/alimentaciometropolitana\/wp-json\/wp\/v2\/posts\/73"}],"collection":[{"href":"https:\/\/blogs.amb.cat\/alimentaciometropolitana\/wp-json\/wp\/v2\/posts"}],"about":[{"href":"https:\/\/blogs.amb.cat\/alimentaciometropolitana\/wp-json\/wp\/v2\/types\/post"}],"author":[{"embeddable":true,"href":"https:\/\/blogs.amb.cat\/alimentaciometropolitana\/wp-json\/wp\/v2\/users\/38"}],"replies":[{"embeddable":true,"href":"https:\/\/blogs.amb.cat\/alimentaciometropolitana\/wp-json\/wp\/v2\/comments?post=73"}],"version-history":[{"count":1,"href":"https:\/\/blogs.amb.cat\/alimentaciometropolitana\/wp-json\/wp\/v2\/posts\/73\/revisions"}],"predecessor-version":[{"id":75,"href":"https:\/\/blogs.amb.cat\/alimentaciometropolitana\/wp-json\/wp\/v2\/posts\/73\/revisions\/75"}],"wp:featuredmedia":[{"embeddable":true,"href":"https:\/\/blogs.amb.cat\/alimentaciometropolitana\/wp-json\/wp\/v2\/media\/74"}],"wp:attachment":[{"href":"https:\/\/blogs.amb.cat\/alimentaciometropolitana\/wp-json\/wp\/v2\/media?parent=73"}],"wp:term":[{"taxonomy":"category","embeddable":true,"href":"https:\/\/blogs.amb.cat\/alimentaciometropolitana\/wp-json\/wp\/v2\/categories?post=73"},{"taxonomy":"post_tag","embeddable":true,"href":"https:\/\/blogs.amb.cat\/alimentaciometropolitana\/wp-json\/wp\/v2\/tags?post=73"}],"curies":[{"name":"wp","href":"https:\/\/api.w.org\/{rel}","templated":true}]}}