
 







{"id":732,"date":"2021-11-25T15:38:00","date_gmt":"2021-11-25T13:38:00","guid":{"rendered":"https:\/\/blogs.amb.cat\/alimentaciometropolitana\/?p=732"},"modified":"2021-12-23T11:22:31","modified_gmt":"2021-12-23T09:22:31","slug":"acord-per-poder-comprar-aliments-amb-envasos-dels-clients","status":"publish","type":"post","link":"https:\/\/blogs.amb.cat\/alimentaciometropolitana\/2021\/11\/25\/acord-per-poder-comprar-aliments-amb-envasos-dels-clients\/","title":{"rendered":"Acord per poder comprar aliments amb envasos dels clients"},"content":{"rendered":"\n<p class=\"has-medium-font-size\">A diversos supermercats i botigues amb l\u2019objectiu de reduir els embalatges d\u2019un sol \u00fas<\/p>\n\n\n\n<p>El 42% dels residus alimentaris que es produeixen a Europa es genera a les llars i la majoria es podrien evitar, segons la Comissi\u00f3 Europea. A Catalunya, el malbaratament alimentari a les cases puja fins al 58%. Amb aquestes xifres com a marc de refer\u00e8ncia, <a href=\"https:\/\/rezero.cat\/\" target=\"_blank\" rel=\"noreferrer noopener\">Rezero<\/a>, en col\u00b7laboraci\u00f3 amb l\u2019Ag\u00e8ncia Catalana de Residus, ha impulsat un acord perqu\u00e8 la ciutadania pugui comprar aliments a supermercats i al petit comer\u00e7 amb els seus envasos i, aix\u00ed, reduir els envasos d\u2019un sol \u00fas.<\/p>\n\n\n\n<p>\u201cL\u2019acord que presentem avui \u00e9s un exemple de la import\u00e0ncia de treballar de manera conjunta i decidida perqu\u00e8 tots els sectors disposin d\u2019eines per tal d\u2019erradicar el problema dels residus. Nosaltres creiem que la gran distribuci\u00f3 i els gremis tenen una veu important per acompanyar una part de la poblaci\u00f3 cada vegada m\u00e9s gran i m\u00e9s conscienciada a reduir la seva petjada\u201d, va explicar ahir Rosa Garc\u00eda, directora general de Rezero, a la presentaci\u00f3 de la iniciativa.<\/p>\n\n\n\n<p>Aix\u00ed doncs, ja es pot anar a comprar a granel als establiments d\u2019Ametller Origen, La Sirena, Veritas, Condis, Sorli, Grup Llobet, Gremi de Carnissers i Xarcuters de Barcelona i Prov\u00edncia, Gremi de Peixaters de Catalunya i Gremi de Carn de Barcelona amb el t\u00e0per o la bossa de malla propis. Aquestes han estat les primeres empreses i col\u00b7lectius a formar part del projecte, i s\u2019espera que el llistat vagi creixent.<\/p>\n","protected":false},"excerpt":{"rendered":"<p>A diversos supermercats i botigues amb l\u2019objectiu de reduir els embalatges d\u2019un sol \u00fas El 42% dels residus alimentaris que es produeixen a Europa es genera a les llars i la majoria es podrien evitar, segons la Comissi\u00f3 Europea. A Catalunya, el malbaratament alimentari a les cases puja fins al 58%. Amb aquestes xifres com [&hellip;]<\/p>\n","protected":false},"author":38,"featured_media":733,"comment_status":"closed","ping_status":"open","sticky":false,"template":"","format":"standard","meta":{"_oasis_is_in_workflow":0,"_oasis_original":0,"ngg_post_thumbnail":0},"categories":[1],"tags":[137,136,51],"_links":{"self":[{"href":"https:\/\/blogs.amb.cat\/alimentaciometropolitana\/wp-json\/wp\/v2\/posts\/732"}],"collection":[{"href":"https:\/\/blogs.amb.cat\/alimentaciometropolitana\/wp-json\/wp\/v2\/posts"}],"about":[{"href":"https:\/\/blogs.amb.cat\/alimentaciometropolitana\/wp-json\/wp\/v2\/types\/post"}],"author":[{"embeddable":true,"href":"https:\/\/blogs.amb.cat\/alimentaciometropolitana\/wp-json\/wp\/v2\/users\/38"}],"replies":[{"embeddable":true,"href":"https:\/\/blogs.amb.cat\/alimentaciometropolitana\/wp-json\/wp\/v2\/comments?post=732"}],"version-history":[{"count":1,"href":"https:\/\/blogs.amb.cat\/alimentaciometropolitana\/wp-json\/wp\/v2\/posts\/732\/revisions"}],"predecessor-version":[{"id":734,"href":"https:\/\/blogs.amb.cat\/alimentaciometropolitana\/wp-json\/wp\/v2\/posts\/732\/revisions\/734"}],"wp:featuredmedia":[{"embeddable":true,"href":"https:\/\/blogs.amb.cat\/alimentaciometropolitana\/wp-json\/wp\/v2\/media\/733"}],"wp:attachment":[{"href":"https:\/\/blogs.amb.cat\/alimentaciometropolitana\/wp-json\/wp\/v2\/media?parent=732"}],"wp:term":[{"taxonomy":"category","embeddable":true,"href":"https:\/\/blogs.amb.cat\/alimentaciometropolitana\/wp-json\/wp\/v2\/categories?post=732"},{"taxonomy":"post_tag","embeddable":true,"href":"https:\/\/blogs.amb.cat\/alimentaciometropolitana\/wp-json\/wp\/v2\/tags?post=732"}],"curies":[{"name":"wp","href":"https:\/\/api.w.org\/{rel}","templated":true}]}}