
 







{"id":741,"date":"2021-12-01T07:59:39","date_gmt":"2021-12-01T05:59:39","guid":{"rendered":"https:\/\/blogs.amb.cat\/alimentaciometropolitana\/?p=741"},"modified":"2021-12-23T12:50:19","modified_gmt":"2021-12-23T10:50:19","slug":"un-obrador-compartit-a-collserola","status":"publish","type":"post","link":"https:\/\/blogs.amb.cat\/alimentaciometropolitana\/2021\/12\/01\/un-obrador-compartit-a-collserola\/","title":{"rendered":"Un obrador compartit a Collserola?"},"content":{"rendered":"\n<p class=\"has-medium-font-size\">Jornada t\u00e8cnica per debatre sobre la instal\u00b7laci\u00f3 d&#8217;un obrador compartit a la serra metropolitana<\/p>\n\n\n\n<p>Els obradors compartits s\u00f3n espais de gesti\u00f3 col\u00b7lectiva on es transformen productes primaris o aliments de manera artesana. Estan proliferant a Catalunya i es consideren b\u00e0sics per a la transici\u00f3 cap a sistemes alimentaris m\u00e9s saludables i sostenibles. Alhora, afavoreixen les economies locals.<\/p>\n\n\n\n<p>Se\u2019ls ha comparat amb els vivers d\u2019empreses de les ciutats, ja que tamb\u00e9 estimulen la col\u00b7laboraci\u00f3 entre els diversos productors que en formen part.<\/p>\n\n\n\n<p>Tenint en compte aquests aspectes, s\u2019ha organitzat una <a rel=\"noreferrer noopener\" href=\"https:\/\/ruralcat.gencat.cat\/c\/document_library\/get_file?uuid=d07fd39f-3cda-47ae-a83c-85cf38029fb3&amp;groupId=20181\" target=\"_blank\">jornada t\u00e8cnica<\/a> per explorar la possibilitat de crear un obrador compartit a Collserola. Ser\u00e0 una reuni\u00f3 per a experts, que comptar\u00e0 amb la participaci\u00f3 de Zaira Arlandi, membre de La Catalitzadora; Erik Hobbelink, membre d\u2019Arran de terra; Marta Ruiz, membre de l\u2019Etnogr\u00e0fica; Quim P\u00e9rez, membre de la Cooperativa Tres Cadires; S\u00edlvia Pallej\u00e0, de l\u2019Ajuntament de Bellaguarda, i Ignasi Mart\u00ednez, alcalde de Tagamanent.<\/p>\n\n\n\n<p>La jornada tindr\u00e0 lloc el <strong>dimecres 15 de desembre<\/strong>, en l\u00ednia, i \u00e9s oberta a tothom que faci una inscripci\u00f3 pr\u00e8via <a rel=\"noreferrer noopener\" href=\"https:\/\/ruralcat.gencat.cat\/web\/guest\/transferencia\/preinscripcio-jornada-tecnica?p_auth=JF4zNs5h&amp;p_p_id=JornadesPATT_WAR_jornadesPATT100SNAPSHOT&amp;p_p_lifecycle=1&amp;p_p_state=normal&amp;p_p_mode=view&amp;p_p_col_id=column-1&amp;p_p_col_pos=1&amp;p_p_col_count=2&amp;_JornadesPATT_WAR_jornadesPATT100SNAPSHOT_idJornada=4043043&amp;_JornadesPATT_WAR_jornadesPATT100SNAPSHOT_cmd=subscribeJornada\" target=\"_blank\">aqu\u00ed<\/a>.<\/p>\n","protected":false},"excerpt":{"rendered":"<p>Jornada t\u00e8cnica per debatre sobre la instal\u00b7laci\u00f3 d&#8217;un obrador compartit a la serra metropolitana Els obradors compartits s\u00f3n espais de gesti\u00f3 col\u00b7lectiva on es transformen productes primaris o aliments de manera artesana. Estan proliferant a Catalunya i es consideren b\u00e0sics per a la transici\u00f3 cap a sistemes alimentaris m\u00e9s saludables i sostenibles. Alhora, afavoreixen les [&hellip;]<\/p>\n","protected":false},"author":38,"featured_media":742,"comment_status":"closed","ping_status":"open","sticky":false,"template":"","format":"standard","meta":{"_oasis_is_in_workflow":0,"_oasis_original":0,"ngg_post_thumbnail":0},"categories":[1],"tags":[22,86],"_links":{"self":[{"href":"https:\/\/blogs.amb.cat\/alimentaciometropolitana\/wp-json\/wp\/v2\/posts\/741"}],"collection":[{"href":"https:\/\/blogs.amb.cat\/alimentaciometropolitana\/wp-json\/wp\/v2\/posts"}],"about":[{"href":"https:\/\/blogs.amb.cat\/alimentaciometropolitana\/wp-json\/wp\/v2\/types\/post"}],"author":[{"embeddable":true,"href":"https:\/\/blogs.amb.cat\/alimentaciometropolitana\/wp-json\/wp\/v2\/users\/38"}],"replies":[{"embeddable":true,"href":"https:\/\/blogs.amb.cat\/alimentaciometropolitana\/wp-json\/wp\/v2\/comments?post=741"}],"version-history":[{"count":4,"href":"https:\/\/blogs.amb.cat\/alimentaciometropolitana\/wp-json\/wp\/v2\/posts\/741\/revisions"}],"predecessor-version":[{"id":752,"href":"https:\/\/blogs.amb.cat\/alimentaciometropolitana\/wp-json\/wp\/v2\/posts\/741\/revisions\/752"}],"wp:featuredmedia":[{"embeddable":true,"href":"https:\/\/blogs.amb.cat\/alimentaciometropolitana\/wp-json\/wp\/v2\/media\/742"}],"wp:attachment":[{"href":"https:\/\/blogs.amb.cat\/alimentaciometropolitana\/wp-json\/wp\/v2\/media?parent=741"}],"wp:term":[{"taxonomy":"category","embeddable":true,"href":"https:\/\/blogs.amb.cat\/alimentaciometropolitana\/wp-json\/wp\/v2\/categories?post=741"},{"taxonomy":"post_tag","embeddable":true,"href":"https:\/\/blogs.amb.cat\/alimentaciometropolitana\/wp-json\/wp\/v2\/tags?post=741"}],"curies":[{"name":"wp","href":"https:\/\/api.w.org\/{rel}","templated":true}]}}