
 







{"id":745,"date":"2021-12-01T16:39:00","date_gmt":"2021-12-01T14:39:00","guid":{"rendered":"https:\/\/blogs.amb.cat\/alimentaciometropolitana\/?p=745"},"modified":"2022-05-11T09:53:26","modified_gmt":"2022-05-11T07:53:26","slug":"gava-presenta-el-full-de-ruta-per-impulsar-lalimentacio-sostenible-accessible-i-saludable","status":"publish","type":"post","link":"https:\/\/blogs.amb.cat\/alimentaciometropolitana\/2021\/12\/01\/gava-presenta-el-full-de-ruta-per-impulsar-lalimentacio-sostenible-accessible-i-saludable\/","title":{"rendered":"Gav\u00e0 presenta el full de ruta per impulsar l\u2019alimentaci\u00f3 sostenible, accessible i saludable"},"content":{"rendered":"\n<p class=\"has-medium-font-size\">\u00c9s un conjunt d\u2019accions transversals que ara la ciutadania pot esmenar abans de l\u2019aprovaci\u00f3 final<\/p>\n\n\n\n<p>El comprom\u00eds de Gav\u00e0 amb l\u2019alimentaci\u00f3 sostenible ha fet un pas endavant: ahir l\u2019ajuntament va presentar el <a href=\"https:\/\/www.gavaciutat.cat\/actualitat\/notes-de-premsa\/2021\/-\/asset_publisher\/Ovfi6ki1ToJg\/content\/gava-convida-a-la-ciutadania-a-participar-en-el-disseny-de-l-estrategia-de-l-alimentacio-sostenible-accessible-i-saludabl-2?_com_liferay_asset_publisher_web_portlet_AssetPublisherPortlet_INSTANCE_Ovfi6ki1ToJg_redirect=https%3A%2F%2Fwww.gavaciutat.cat%2Factualitat%2Fnotes-de-premsa%2F2021%3Fp_p_id%3Dcom_liferay_asset_publisher_web_portlet_AssetPublisherPortlet_INSTANCE_Ovfi6ki1ToJg%26p_p_lifecycle%3D0%26p_p_state%3Dnormal%26p_p_mode%3Dview%26_com_liferay_asset_publisher_web_portlet_AssetPublisherPortlet_INSTANCE_Ovfi6ki1ToJg_cur%3D0%26p_r_p_resetCur%3Dfalse%26_com_liferay_asset_publisher_web_portlet_AssetPublisherPortlet_INSTANCE_Ovfi6ki1ToJg_assetEntryId%3D456079\" target=\"_blank\" rel=\"noreferrer noopener\">full de ruta<\/a> \u201cEstrat\u00e8gia de l\u2019alimentaci\u00f3 sostenible, accessible i saludable\u201d en qu\u00e8, mitjan\u00e7ant un conjunt d\u2019accions transversals, vol fer realitat els objectius que planteja el document.<\/p>\n\n\n\n<p>Aquest full de ruta \u00e9s fruit \u201cd\u2019un proc\u00e9s de reflexi\u00f3 profunda sobre el sistema agroalimentari actual de la ciutat i les implicacions directes sobre la ciutadania\u201d, segons el comunicat del consistori.<\/p>\n\n\n\n<p>Estableix tres objectius sobre els quals fomentar\u00e0 l&#8217;estrat\u00e8gia: combatre l\u2019emerg\u00e8ncia clim\u00e0tica, promoure dietes sostenibles, accessibles i saludables per a tothom i impulsar l\u2019economia local i de proximitat. Tres fites que recullen aspectes com els seg\u00fcents, entre d\u2019altres:<br>\u2022 millorar l\u2019alimentaci\u00f3 de la ciutadania vulnerable<br>\u2022 fer realitat una alimentaci\u00f3 m\u00e9s sostenible per als infants<br>\u2022 formar el comer\u00e7 i els mercats en sostenibilitat<br>\u2022 adoptar bones pr\u00e0ctiques en economia circular\/excedents alimentaris<br>\u2022 crear ocupaci\u00f3 de qualitat al sector agroalimentari<br>\u2022 aconseguir una cadena de producci\u00f3 aliment\u00e0ria respectuosa<br>\u2022 crear una central de compres per a la distribuci\u00f3 de productes de proximitat<br>\u2022 promoure l\u2019elaboraci\u00f3 de men\u00fas m\u00e9s equilibrats a les escoles amb proposta de sopar<\/p>\n\n\n\n<p>Abans d\u2019aprovar-lo definitivament, el full de ruta se sotmetr\u00e0 a l\u2019escrutini de la ciutadania. Des de la plataforma digital <a href=\"https:\/\/participa.gavaciutat.cat\/processes\/estrategiaAlimentariaGava\" target=\"_blank\" rel=\"noreferrer noopener\">Gav\u00e0 Participa, Gav\u00e0 Decideix<\/a> la poblaci\u00f3 pot fer propostes de millora fins al 31 de desembre.<\/p>\n","protected":false},"excerpt":{"rendered":"<p>\u00c9s un conjunt d\u2019accions transversals que ara la ciutadania pot esmenar abans de l\u2019aprovaci\u00f3 final El comprom\u00eds de Gav\u00e0 amb l\u2019alimentaci\u00f3 sostenible ha fet un pas endavant: ahir l\u2019ajuntament va presentar el full de ruta \u201cEstrat\u00e8gia de l\u2019alimentaci\u00f3 sostenible, accessible i saludable\u201d en qu\u00e8, mitjan\u00e7ant un conjunt d\u2019accions transversals, vol fer realitat els objectius que [&hellip;]<\/p>\n","protected":false},"author":38,"featured_media":746,"comment_status":"closed","ping_status":"open","sticky":false,"template":"","format":"standard","meta":{"_oasis_is_in_workflow":0,"_oasis_original":0,"ngg_post_thumbnail":0},"categories":[1],"tags":[14,39,18],"_links":{"self":[{"href":"https:\/\/blogs.amb.cat\/alimentaciometropolitana\/wp-json\/wp\/v2\/posts\/745"}],"collection":[{"href":"https:\/\/blogs.amb.cat\/alimentaciometropolitana\/wp-json\/wp\/v2\/posts"}],"about":[{"href":"https:\/\/blogs.amb.cat\/alimentaciometropolitana\/wp-json\/wp\/v2\/types\/post"}],"author":[{"embeddable":true,"href":"https:\/\/blogs.amb.cat\/alimentaciometropolitana\/wp-json\/wp\/v2\/users\/38"}],"replies":[{"embeddable":true,"href":"https:\/\/blogs.amb.cat\/alimentaciometropolitana\/wp-json\/wp\/v2\/comments?post=745"}],"version-history":[{"count":2,"href":"https:\/\/blogs.amb.cat\/alimentaciometropolitana\/wp-json\/wp\/v2\/posts\/745\/revisions"}],"predecessor-version":[{"id":748,"href":"https:\/\/blogs.amb.cat\/alimentaciometropolitana\/wp-json\/wp\/v2\/posts\/745\/revisions\/748"}],"wp:featuredmedia":[{"embeddable":true,"href":"https:\/\/blogs.amb.cat\/alimentaciometropolitana\/wp-json\/wp\/v2\/media\/746"}],"wp:attachment":[{"href":"https:\/\/blogs.amb.cat\/alimentaciometropolitana\/wp-json\/wp\/v2\/media?parent=745"}],"wp:term":[{"taxonomy":"category","embeddable":true,"href":"https:\/\/blogs.amb.cat\/alimentaciometropolitana\/wp-json\/wp\/v2\/categories?post=745"},{"taxonomy":"post_tag","embeddable":true,"href":"https:\/\/blogs.amb.cat\/alimentaciometropolitana\/wp-json\/wp\/v2\/tags?post=745"}],"curies":[{"name":"wp","href":"https:\/\/api.w.org\/{rel}","templated":true}]}}