
 







{"id":762,"date":"2021-12-10T07:46:00","date_gmt":"2021-12-10T05:46:00","guid":{"rendered":"https:\/\/blogs.amb.cat\/alimentaciometropolitana\/?p=762"},"modified":"2021-12-23T12:50:36","modified_gmt":"2021-12-23T10:50:36","slug":"6a-jornada-upc-recircula","status":"publish","type":"post","link":"https:\/\/blogs.amb.cat\/alimentaciometropolitana\/2021\/12\/10\/6a-jornada-upc-recircula\/","title":{"rendered":"6a jornada UPC Recircula"},"content":{"rendered":"\n<p class=\"has-medium-font-size\">Inclou propostes innovadores per fomentar l\u2019alimentaci\u00f3 sostenible<\/p>\n\n\n\n<p>La facultat de Tecnologies aliment\u00e0ries de la Universitat Polit\u00e8cnica de Catalunya (UPC) organitza la sisena edici\u00f3 de la jornada <a href=\"https:\/\/sostenible.upc.edu\/ca\/recircula\" target=\"_blank\" rel=\"noreferrer noopener\">UPC Recircula<\/a>, on mostra el potencial de recerca i acad\u00e8mic de l&#8217;economia circular i el connecta amb els reptes i el teixit socioecon\u00f2mic de l&#8217;entorn.<\/p>\n\n\n\n<p>Els objectius de la jornada seran els seg\u00fcents:<br>\u2022 visibilitzar experi\u00e8ncies innovadores d&#8217;economia circular<br>\u2022 lliurar els Premis UPC d&#8217;economia circular 2021 als millors treballs finals d&#8217;estudi<br>\u2022 difondre tend\u00e8ncies i solucions per impulsar l&#8217;alimentaci\u00f3 sostenible<br>\u2022 connectar el repte <a href=\"https:\/\/recirculachallenge.upc.edu\/ca\/repte\" target=\"_blank\" rel=\"noreferrer noopener\">Recircula 2022<\/a> (impulsat per l\u2019\u00c0rea Metropolitana de Barcelona) amb els agents s\u00f2cioecon\u00f2mics de l&#8217;entorn<\/p>\n\n\n\n<p>Aix\u00ed, despr\u00e9s de la benvinguda a c\u00e0rrec de Fina Antonijuan, vicerectora de Responsabilitat Social i Igualtat de la UPC, hi haur\u00e0 una confer\u00e8ncia sobre el projecte \u2018Menja m\u00f2bils\u2019, a c\u00e0rrec del seu coordinador, Antonio Dorado; el lliurament de premis sobre economia circular; una taula rodona sobre la innovaci\u00f3 circular aplicada a l\u2019alimentaci\u00f3 sostenible, i una sessi\u00f3 dedicada a fer xarxa i connectar talent entre els equips participants del repte Recircula 2022. Podeu consultar el programa <a href=\"https:\/\/agrotech.upc.edu\/ca\/esdeveniments\/6a-jornada-upc-recircula\" target=\"_blank\" rel=\"noreferrer noopener\">aqu\u00ed<\/a>.<\/p>\n\n\n\n<p>La jornada ser\u00e0 dimecres 15 de desembre a les 17:30 h a la sala d\u2019actes de l\u2019Escola d&#8217;Enginyeria de Barcelona Est de la UPC. Tamb\u00e9 es podr\u00e0 seguir en directe per Youtube, <a href=\"https:\/\/www.youtube.com\/watch?v=r3v94vfAZ4w\" target=\"_blank\" rel=\"noreferrer noopener\">aqu\u00ed<\/a>.<\/p>\n","protected":false},"excerpt":{"rendered":"<p>Inclou propostes innovadores per fomentar l\u2019alimentaci\u00f3 sostenible La facultat de Tecnologies aliment\u00e0ries de la Universitat Polit\u00e8cnica de Catalunya (UPC) organitza la sisena edici\u00f3 de la jornada UPC Recircula, on mostra el potencial de recerca i acad\u00e8mic de l&#8217;economia circular i el connecta amb els reptes i el teixit socioecon\u00f2mic de l&#8217;entorn. Els objectius de la [&hellip;]<\/p>\n","protected":false},"author":38,"featured_media":763,"comment_status":"closed","ping_status":"open","sticky":false,"template":"","format":"standard","meta":{"_oasis_is_in_workflow":0,"_oasis_original":0,"ngg_post_thumbnail":0},"categories":[1],"tags":[55,35,130,140],"_links":{"self":[{"href":"https:\/\/blogs.amb.cat\/alimentaciometropolitana\/wp-json\/wp\/v2\/posts\/762"}],"collection":[{"href":"https:\/\/blogs.amb.cat\/alimentaciometropolitana\/wp-json\/wp\/v2\/posts"}],"about":[{"href":"https:\/\/blogs.amb.cat\/alimentaciometropolitana\/wp-json\/wp\/v2\/types\/post"}],"author":[{"embeddable":true,"href":"https:\/\/blogs.amb.cat\/alimentaciometropolitana\/wp-json\/wp\/v2\/users\/38"}],"replies":[{"embeddable":true,"href":"https:\/\/blogs.amb.cat\/alimentaciometropolitana\/wp-json\/wp\/v2\/comments?post=762"}],"version-history":[{"count":1,"href":"https:\/\/blogs.amb.cat\/alimentaciometropolitana\/wp-json\/wp\/v2\/posts\/762\/revisions"}],"predecessor-version":[{"id":764,"href":"https:\/\/blogs.amb.cat\/alimentaciometropolitana\/wp-json\/wp\/v2\/posts\/762\/revisions\/764"}],"wp:featuredmedia":[{"embeddable":true,"href":"https:\/\/blogs.amb.cat\/alimentaciometropolitana\/wp-json\/wp\/v2\/media\/763"}],"wp:attachment":[{"href":"https:\/\/blogs.amb.cat\/alimentaciometropolitana\/wp-json\/wp\/v2\/media?parent=762"}],"wp:term":[{"taxonomy":"category","embeddable":true,"href":"https:\/\/blogs.amb.cat\/alimentaciometropolitana\/wp-json\/wp\/v2\/categories?post=762"},{"taxonomy":"post_tag","embeddable":true,"href":"https:\/\/blogs.amb.cat\/alimentaciometropolitana\/wp-json\/wp\/v2\/tags?post=762"}],"curies":[{"name":"wp","href":"https:\/\/api.w.org\/{rel}","templated":true}]}}