
 







{"id":765,"date":"2021-12-13T07:01:00","date_gmt":"2021-12-13T05:01:00","guid":{"rendered":"https:\/\/blogs.amb.cat\/alimentaciometropolitana\/?p=765"},"modified":"2021-12-23T13:10:05","modified_gmt":"2021-12-23T11:10:05","slug":"la-fira-avicola-del-prat-recupera-la-presencialitat","status":"publish","type":"post","link":"https:\/\/blogs.amb.cat\/alimentaciometropolitana\/2021\/12\/13\/la-fira-avicola-del-prat-recupera-la-presencialitat\/","title":{"rendered":"La Fira av\u00edcola del Prat recupera la presencialitat"},"content":{"rendered":"\n<p class=\"has-medium-font-size\">La 48a edici\u00f3 tindr\u00e0 lloc els dies 17, 18 i 19 de desembre<\/p>\n\n\n\n<p>La covid-19 va obligar a fer l\u2019edici\u00f3 2020 de la <a href=\"https:\/\/www.elprat.cat\/firavicola\" target=\"_blank\" rel=\"noreferrer noopener\">Fira av\u00edcola<\/a> del Prat en format digital, per\u00f2 les condicions millors d\u2019enguany permeten tornar a trepitjar la Granja de la Ricarda i omplir-la d\u2019aviram i activitats. Ser\u00e0 els dies 17, 18 i 19 de desembre i, a m\u00e9s de la fira, tamb\u00e9 hi haur\u00e0 la mostra d\u2019entitats, mercat de pag\u00e8s i fira i tast de vins.<\/p>\n\n\n\n<p>La fira av\u00edcola pr\u00f2piament dita estar\u00e0 formada per criadors d\u2019aviram pota blava i pagesos productors de carxofa Prat, els dos aliments m\u00e9s emblem\u00e0tics del municipi. A la mostra comercial i l\u2019espai agroalimentari hi haur\u00e0 productes i serveis locals; la Mostra d\u2019entitats exhibir\u00e0 el teixit associatiu del Prat, i a l\u2019espai gastron\u00f2mic i tast de vins per primer cop hi haur\u00e0 cellers locals.<\/p>\n\n\n\n<p>A m\u00e9s, durant tot el mes de desembre <a href=\"https:\/\/www.elprat.cat\/fira-avicola\/gastronomia-pota-blava\" target=\"_blank\" rel=\"noreferrer noopener\">una desena de restaurants<\/a> de la ciutat prepararan plats amb pollastre pota blava com a protagonista.<\/p>\n\n\n\n<p>Podeu consultar tot el programa d\u2019activitats <a href=\"https:\/\/www.elprat.cat\/sites\/default\/files\/012fa_agenda_revista_municipal_235x300mm.pdf\" target=\"_blank\" rel=\"noreferrer noopener\">aqu\u00ed<\/a>.<\/p>\n","protected":false},"excerpt":{"rendered":"<p>La 48a edici\u00f3 tindr\u00e0 lloc els dies 17, 18 i 19 de desembre La covid-19 va obligar a fer l\u2019edici\u00f3 2020 de la Fira av\u00edcola del Prat en format digital, per\u00f2 les condicions millors d\u2019enguany permeten tornar a trepitjar la Granja de la Ricarda i omplir-la d\u2019aviram i activitats. Ser\u00e0 els dies 17, 18 i [&hellip;]<\/p>\n","protected":false},"author":38,"featured_media":766,"comment_status":"closed","ping_status":"open","sticky":false,"template":"","format":"standard","meta":{"_oasis_is_in_workflow":0,"_oasis_original":0,"ngg_post_thumbnail":0},"categories":[1],"tags":[47,141,43],"_links":{"self":[{"href":"https:\/\/blogs.amb.cat\/alimentaciometropolitana\/wp-json\/wp\/v2\/posts\/765"}],"collection":[{"href":"https:\/\/blogs.amb.cat\/alimentaciometropolitana\/wp-json\/wp\/v2\/posts"}],"about":[{"href":"https:\/\/blogs.amb.cat\/alimentaciometropolitana\/wp-json\/wp\/v2\/types\/post"}],"author":[{"embeddable":true,"href":"https:\/\/blogs.amb.cat\/alimentaciometropolitana\/wp-json\/wp\/v2\/users\/38"}],"replies":[{"embeddable":true,"href":"https:\/\/blogs.amb.cat\/alimentaciometropolitana\/wp-json\/wp\/v2\/comments?post=765"}],"version-history":[{"count":1,"href":"https:\/\/blogs.amb.cat\/alimentaciometropolitana\/wp-json\/wp\/v2\/posts\/765\/revisions"}],"predecessor-version":[{"id":767,"href":"https:\/\/blogs.amb.cat\/alimentaciometropolitana\/wp-json\/wp\/v2\/posts\/765\/revisions\/767"}],"wp:featuredmedia":[{"embeddable":true,"href":"https:\/\/blogs.amb.cat\/alimentaciometropolitana\/wp-json\/wp\/v2\/media\/766"}],"wp:attachment":[{"href":"https:\/\/blogs.amb.cat\/alimentaciometropolitana\/wp-json\/wp\/v2\/media?parent=765"}],"wp:term":[{"taxonomy":"category","embeddable":true,"href":"https:\/\/blogs.amb.cat\/alimentaciometropolitana\/wp-json\/wp\/v2\/categories?post=765"},{"taxonomy":"post_tag","embeddable":true,"href":"https:\/\/blogs.amb.cat\/alimentaciometropolitana\/wp-json\/wp\/v2\/tags?post=765"}],"curies":[{"name":"wp","href":"https:\/\/api.w.org\/{rel}","templated":true}]}}