
 







{"id":768,"date":"2021-12-17T07:10:00","date_gmt":"2021-12-17T05:10:00","guid":{"rendered":"https:\/\/blogs.amb.cat\/alimentaciometropolitana\/?p=768"},"modified":"2021-12-23T13:16:59","modified_gmt":"2021-12-23T11:16:59","slug":"solucions-per-una-logistica-mes-eficient-i-agroecologica","status":"publish","type":"post","link":"https:\/\/blogs.amb.cat\/alimentaciometropolitana\/2021\/12\/17\/solucions-per-una-logistica-mes-eficient-i-agroecologica\/","title":{"rendered":"Solucions per una log\u00edstica m\u00e9s eficient i agroecol\u00f2gica"},"content":{"rendered":"\n<p class=\"has-medium-font-size\">Jornada online on s\u2019hi presentar\u00e0 la web-app \u201cRutes compartides\u201d<\/p>\n\n\n\n<p>\u201cLa log\u00edstica i la distribuci\u00f3 s\u00f3n uns dels principals colls d&#8217;ampolla en la viabilitat de les productores agroecol\u00f2giques\u201d, diuen els organitzadors de la jornada online \u201cRutes compartides: la soluci\u00f3 per a una log\u00edstica m\u00e9s eficient i agroecol\u00f2gica\u201d, que tindr\u00e0 lloc dijous 23 de desembre a les 12 h.<\/p>\n\n\n\n<p>Es tracta d\u2019una sessi\u00f3 on s\u2019hi exposaran alternatives a les grans empreses del sector i s\u2019hi presentar\u00e0 la web-app <a href=\"https:\/\/rutescompartides.cat\/\" target=\"_blank\" rel=\"noreferrer noopener\">Rutes compartides<\/a>, impulsada per l\u2019ateneu cooperatiu Ponent coopera, la cooperativa Tres cadires i la Xarxa ecol\u00f2gica de Ponent.<\/p>\n\n\n\n<p>Tamb\u00e9 hi haur\u00e0 una taula rodona amb Carla Roca, de la cooperativa l&#8217;Aresta, Carles Tell, de Lo Traginer, Lluc Morgades, de Mengem Garrigues, i Imma Roig\u00e9, de la Cistella de la Imma.<\/p>\n\n\n\n<p>Podeu consultar el programa <a href=\"https:\/\/ruralcat.gencat.cat\/c\/document_library\/get_file?uuid=eb0c2a52-ed28-4671-85c2-6ac4171a1b84&amp;groupId=20181\" target=\"_blank\" rel=\"noreferrer noopener\">aqu\u00ed<\/a> i inscriure-us-hi <a href=\"https:\/\/ruralcat.gencat.cat\/web\/guest\/transferencia\/preinscripcio-jornada-tecnica?p_auth=kMSHMjcs&amp;p_p_id=JornadesPATT_WAR_jornadesPATT100SNAPSHOT&amp;p_p_lifecycle=1&amp;p_p_state=normal&amp;p_p_mode=view&amp;p_p_col_id=column-1&amp;p_p_col_pos=1&amp;p_p_col_count=2&amp;_JornadesPATT_WAR_jornadesPATT100SNAPSHOT_idJornada=4043062&amp;_JornadesPATT_WAR_jornadesPATT100SNAPSHOT_cmd=subscribeJornada\" target=\"_blank\" rel=\"noreferrer noopener\">aqu\u00ed<\/a>.<\/p>\n","protected":false},"excerpt":{"rendered":"<p>Jornada online on s\u2019hi presentar\u00e0 la web-app \u201cRutes compartides\u201d \u201cLa log\u00edstica i la distribuci\u00f3 s\u00f3n uns dels principals colls d&#8217;ampolla en la viabilitat de les productores agroecol\u00f2giques\u201d, diuen els organitzadors de la jornada online \u201cRutes compartides: la soluci\u00f3 per a una log\u00edstica m\u00e9s eficient i agroecol\u00f2gica\u201d, que tindr\u00e0 lloc dijous 23 de desembre a les [&hellip;]<\/p>\n","protected":false},"author":38,"featured_media":769,"comment_status":"closed","ping_status":"open","sticky":false,"template":"","format":"standard","meta":{"_oasis_is_in_workflow":0,"_oasis_original":0,"ngg_post_thumbnail":0},"categories":[1],"tags":[16,86,142],"_links":{"self":[{"href":"https:\/\/blogs.amb.cat\/alimentaciometropolitana\/wp-json\/wp\/v2\/posts\/768"}],"collection":[{"href":"https:\/\/blogs.amb.cat\/alimentaciometropolitana\/wp-json\/wp\/v2\/posts"}],"about":[{"href":"https:\/\/blogs.amb.cat\/alimentaciometropolitana\/wp-json\/wp\/v2\/types\/post"}],"author":[{"embeddable":true,"href":"https:\/\/blogs.amb.cat\/alimentaciometropolitana\/wp-json\/wp\/v2\/users\/38"}],"replies":[{"embeddable":true,"href":"https:\/\/blogs.amb.cat\/alimentaciometropolitana\/wp-json\/wp\/v2\/comments?post=768"}],"version-history":[{"count":1,"href":"https:\/\/blogs.amb.cat\/alimentaciometropolitana\/wp-json\/wp\/v2\/posts\/768\/revisions"}],"predecessor-version":[{"id":770,"href":"https:\/\/blogs.amb.cat\/alimentaciometropolitana\/wp-json\/wp\/v2\/posts\/768\/revisions\/770"}],"wp:featuredmedia":[{"embeddable":true,"href":"https:\/\/blogs.amb.cat\/alimentaciometropolitana\/wp-json\/wp\/v2\/media\/769"}],"wp:attachment":[{"href":"https:\/\/blogs.amb.cat\/alimentaciometropolitana\/wp-json\/wp\/v2\/media?parent=768"}],"wp:term":[{"taxonomy":"category","embeddable":true,"href":"https:\/\/blogs.amb.cat\/alimentaciometropolitana\/wp-json\/wp\/v2\/categories?post=768"},{"taxonomy":"post_tag","embeddable":true,"href":"https:\/\/blogs.amb.cat\/alimentaciometropolitana\/wp-json\/wp\/v2\/tags?post=768"}],"curies":[{"name":"wp","href":"https:\/\/api.w.org\/{rel}","templated":true}]}}