
 







{"id":781,"date":"2022-01-12T07:49:00","date_gmt":"2022-01-12T05:49:00","guid":{"rendered":"https:\/\/blogs.amb.cat\/alimentaciometropolitana\/?p=781"},"modified":"2022-01-12T16:56:10","modified_gmt":"2022-01-12T14:56:10","slug":"xerrada-sobre-alimentacio-i-plantes-oblidades","status":"publish","type":"post","link":"https:\/\/blogs.amb.cat\/alimentaciometropolitana\/2022\/01\/12\/xerrada-sobre-alimentacio-i-plantes-oblidades\/","title":{"rendered":"Xerrada sobre alimentaci\u00f3 i plantes oblidades"},"content":{"rendered":"\n<p class=\"has-medium-font-size\">Dijous 20 de gener a Sant Cugat del Vall\u00e8s<\/p>\n\n\n\n<p>\u201cQu\u00e8 hi ha darrere d\u2019all\u00f2 que mengem i per qu\u00e8 \u00e9s important recuperar les plantes oblidades?\u201d, aquest \u00e9s el nom de la xerrada que Marc Talavera, doctor en biologia i president del col\u00b7lectiu <a href=\"https:\/\/eixarcolant.cat\/\" target=\"_blank\" rel=\"noreferrer noopener\">Eixarcolant<\/a>, impartir\u00e0 a l\u2019Ateneu Santcugatenc dijous 20 de gener a les 19 h.<\/p>\n\n\n\n<p>Un dels objectius d\u2019Eixarcolant \u00e9s la recuperaci\u00f3 d\u2019esp\u00e8cies silvestres comestibles i de varietats agr\u00edcoles tradicionals, com a via per transformar el model agroalimentari actual. Recorda que \u201cel 90% de la poblaci\u00f3 del planeta s\u2019alimenta a partir de tant sols 30 esp\u00e8cies vegetals\u201d i que a Catalunya hi ha m\u00e9s de mil varietats agr\u00edcoles tradicionals.<\/p>\n\n\n\n<p>L\u2019assist\u00e8ncia a la xerrada \u00e9s oberta a tothom i gratu\u00efta, nom\u00e9s cal inscriure-s\u2019hi abans <a href=\"https:\/\/santcugatenc.miram.cloud\/MiramModular\/buscador\/buscador.jsp?g=1&amp;c=9902&amp;a=3213\" target=\"_blank\" rel=\"noreferrer noopener\">aqu\u00ed<\/a>.<\/p>\n","protected":false},"excerpt":{"rendered":"<p>Dijous 20 de gener a Sant Cugat del Vall\u00e8s \u201cQu\u00e8 hi ha darrere d\u2019all\u00f2 que mengem i per qu\u00e8 \u00e9s important recuperar les plantes oblidades?\u201d, aquest \u00e9s el nom de la xerrada que Marc Talavera, doctor en biologia i president del col\u00b7lectiu Eixarcolant, impartir\u00e0 a l\u2019Ateneu Santcugatenc dijous 20 de gener a les 19 h. [&hellip;]<\/p>\n","protected":false},"author":38,"featured_media":782,"comment_status":"closed","ping_status":"open","sticky":false,"template":"","format":"standard","meta":{"_oasis_is_in_workflow":0,"_oasis_original":0,"ngg_post_thumbnail":0},"categories":[1],"tags":[54,119,48],"_links":{"self":[{"href":"https:\/\/blogs.amb.cat\/alimentaciometropolitana\/wp-json\/wp\/v2\/posts\/781"}],"collection":[{"href":"https:\/\/blogs.amb.cat\/alimentaciometropolitana\/wp-json\/wp\/v2\/posts"}],"about":[{"href":"https:\/\/blogs.amb.cat\/alimentaciometropolitana\/wp-json\/wp\/v2\/types\/post"}],"author":[{"embeddable":true,"href":"https:\/\/blogs.amb.cat\/alimentaciometropolitana\/wp-json\/wp\/v2\/users\/38"}],"replies":[{"embeddable":true,"href":"https:\/\/blogs.amb.cat\/alimentaciometropolitana\/wp-json\/wp\/v2\/comments?post=781"}],"version-history":[{"count":2,"href":"https:\/\/blogs.amb.cat\/alimentaciometropolitana\/wp-json\/wp\/v2\/posts\/781\/revisions"}],"predecessor-version":[{"id":784,"href":"https:\/\/blogs.amb.cat\/alimentaciometropolitana\/wp-json\/wp\/v2\/posts\/781\/revisions\/784"}],"wp:featuredmedia":[{"embeddable":true,"href":"https:\/\/blogs.amb.cat\/alimentaciometropolitana\/wp-json\/wp\/v2\/media\/782"}],"wp:attachment":[{"href":"https:\/\/blogs.amb.cat\/alimentaciometropolitana\/wp-json\/wp\/v2\/media?parent=781"}],"wp:term":[{"taxonomy":"category","embeddable":true,"href":"https:\/\/blogs.amb.cat\/alimentaciometropolitana\/wp-json\/wp\/v2\/categories?post=781"},{"taxonomy":"post_tag","embeddable":true,"href":"https:\/\/blogs.amb.cat\/alimentaciometropolitana\/wp-json\/wp\/v2\/tags?post=781"}],"curies":[{"name":"wp","href":"https:\/\/api.w.org\/{rel}","templated":true}]}}