
 







{"id":785,"date":"2022-01-18T07:20:00","date_gmt":"2022-01-18T05:20:00","guid":{"rendered":"https:\/\/blogs.amb.cat\/alimentaciometropolitana\/?p=785"},"modified":"2022-01-18T20:32:50","modified_gmt":"2022-01-18T18:32:50","slug":"ja-es-poden-consultar-els-documents-de-les-taules-de-debat-sobre-agricultura-metropolitana-i-alimentacio","status":"publish","type":"post","link":"https:\/\/blogs.amb.cat\/alimentaciometropolitana\/2022\/01\/18\/ja-es-poden-consultar-els-documents-de-les-taules-de-debat-sobre-agricultura-metropolitana-i-alimentacio\/","title":{"rendered":"Ja es poden consultar els documents de les Taules de debat sobre agricultura metropolitana i alimentaci\u00f3"},"content":{"rendered":"\n<p class=\"has-medium-font-size\">Un cicle de debat i reflexi\u00f3 organitzat per l\u2019AMB l\u2019any passat<\/p>\n\n\n\n<p>Durant la segona meitat de 2021 l\u2019\u00c0rea Metropolitana de Barcelona (AMB) va organitzar un <a href=\"https:\/\/blogs.amb.cat\/alimentaciometropolitana\/2021\/06\/15\/lagricultura-i-el-sistema-alimentari-a-debat\/\">cicle<\/a> de debat i reflexi\u00f3 sobre agricultura metropolitana i alimentaci\u00f3. La iniciativa es va materialitzar en diverses taules de di\u00e0leg sobre dos grans temes: agricultura metropolitana i dret a l\u2019alimentaci\u00f3 sostenible i governan\u00e7a del sistema alimentari.<\/p>\n\n\n\n<p>Una quarantena d\u2019experts van participar a les taules i des d\u2019avui <a href=\"https:\/\/www.amb.cat\/web\/amb\/govern-metropolita\/planificacio-estrategica\/debats-metropolitans\/alimentacio-i-agricultiura-metropolitana\">es poden consultar<\/a> tant les presentacions utilitzades com la sessi\u00f3 de retorn, dividida en quatre v\u00eddeos.<\/p>\n","protected":false},"excerpt":{"rendered":"<p>Un cicle de debat i reflexi\u00f3 organitzat per l\u2019AMB l\u2019any passat Durant la segona meitat de 2021 l\u2019\u00c0rea Metropolitana de Barcelona (AMB) va organitzar un cicle de debat i reflexi\u00f3 sobre agricultura metropolitana i alimentaci\u00f3. La iniciativa es va materialitzar en diverses taules de di\u00e0leg sobre dos grans temes: agricultura metropolitana i dret a l\u2019alimentaci\u00f3 [&hellip;]<\/p>\n","protected":false},"author":38,"featured_media":786,"comment_status":"closed","ping_status":"open","sticky":false,"template":"","format":"standard","meta":{"_oasis_is_in_workflow":0,"_oasis_original":0,"ngg_post_thumbnail":0},"categories":[1],"tags":[34,14,13,72],"_links":{"self":[{"href":"https:\/\/blogs.amb.cat\/alimentaciometropolitana\/wp-json\/wp\/v2\/posts\/785"}],"collection":[{"href":"https:\/\/blogs.amb.cat\/alimentaciometropolitana\/wp-json\/wp\/v2\/posts"}],"about":[{"href":"https:\/\/blogs.amb.cat\/alimentaciometropolitana\/wp-json\/wp\/v2\/types\/post"}],"author":[{"embeddable":true,"href":"https:\/\/blogs.amb.cat\/alimentaciometropolitana\/wp-json\/wp\/v2\/users\/38"}],"replies":[{"embeddable":true,"href":"https:\/\/blogs.amb.cat\/alimentaciometropolitana\/wp-json\/wp\/v2\/comments?post=785"}],"version-history":[{"count":1,"href":"https:\/\/blogs.amb.cat\/alimentaciometropolitana\/wp-json\/wp\/v2\/posts\/785\/revisions"}],"predecessor-version":[{"id":787,"href":"https:\/\/blogs.amb.cat\/alimentaciometropolitana\/wp-json\/wp\/v2\/posts\/785\/revisions\/787"}],"wp:featuredmedia":[{"embeddable":true,"href":"https:\/\/blogs.amb.cat\/alimentaciometropolitana\/wp-json\/wp\/v2\/media\/786"}],"wp:attachment":[{"href":"https:\/\/blogs.amb.cat\/alimentaciometropolitana\/wp-json\/wp\/v2\/media?parent=785"}],"wp:term":[{"taxonomy":"category","embeddable":true,"href":"https:\/\/blogs.amb.cat\/alimentaciometropolitana\/wp-json\/wp\/v2\/categories?post=785"},{"taxonomy":"post_tag","embeddable":true,"href":"https:\/\/blogs.amb.cat\/alimentaciometropolitana\/wp-json\/wp\/v2\/tags?post=785"}],"curies":[{"name":"wp","href":"https:\/\/api.w.org\/{rel}","templated":true}]}}