
 







{"id":789,"date":"2022-01-21T08:46:00","date_gmt":"2022-01-21T06:46:00","guid":{"rendered":"https:\/\/blogs.amb.cat\/alimentaciometropolitana\/?p=789"},"modified":"2022-01-24T11:55:01","modified_gmt":"2022-01-24T09:55:01","slug":"com-posar-en-marxa-una-cooperativa-de-productors-i-consumidors","status":"publish","type":"post","link":"https:\/\/blogs.amb.cat\/alimentaciometropolitana\/2022\/01\/21\/com-posar-en-marxa-una-cooperativa-de-productors-i-consumidors\/","title":{"rendered":"Com posar en marxa una cooperativa de productors i consumidors?"},"content":{"rendered":"\n<p class=\"has-medium-font-size\">Jornada t\u00e8cnica, dijous 27 de gener<\/p>\n\n\n\n<p>El convenciment que els sistemes de producci\u00f3 i d\u2019alimentaci\u00f3 han de ser m\u00e9s sostenibles per a tots els agents implicats i per al planeta ha fet proliferar, els \u00faltims anys, les cooperatives de productors i consumidors. Per\u00f2, com es posen en marxa? Quina log\u00edstica cal? Qu\u00e8 vendre i com?<\/p>\n\n\n\n<p>La resposta a aquestes i altres preguntes s\u2019ofereix a la jornada t\u00e8cnica <a href=\"https:\/\/ruralcat.gencat.cat\/c\/document_library\/get_file?uuid=f1bee17b-34c1-4bc3-8533-60f7467859a6&amp;groupId=20181\" target=\"_blank\" rel=\"noreferrer noopener\">\u201cConsum de proximitat i ecol\u00f2gic: organitzaci\u00f3 de productors i cooperatives\u201d<\/a>, que dijous 27 de gener tindr\u00e0 lloc de forma telem\u00e0tica.<\/p>\n\n\n\n<p>Durant el mat\u00ed, membres de la cooperativa l\u2019Artiga i de l\u2019associaci\u00f3 Xarxa pagesa explicaran de quina manera productors i consumidors es poden agrupar per posar en marxa formes de compra-venda d\u2019aliments m\u00e9s sostenibles.<\/p>\n\n\n\n<p>L\u2019acc\u00e9s a la jornada \u00e9s obert i gratu\u00eft, nom\u00e9s cal apuntar-s\u2019hi abans des d\u2019<a href=\"https:\/\/ruralcat.gencat.cat\/web\/guest\/transferencia\/preinscripcio-jornada-tecnica?p_auth=ySVKBETs&amp;p_p_id=JornadesPATT_WAR_jornadesPATT100SNAPSHOT&amp;p_p_lifecycle=1&amp;p_p_state=normal&amp;p_p_mode=view&amp;p_p_col_id=column-1&amp;p_p_col_pos=1&amp;p_p_col_count=2&amp;_JornadesPATT_WAR_jornadesPATT100SNAPSHOT_idJornada=4043081&amp;_JornadesPATT_WAR_jornadesPATT100SNAPSHOT_cmd=subscribeJornada\" target=\"_blank\" rel=\"noreferrer noopener\">aqu\u00ed<\/a>.<\/p>\n","protected":false},"excerpt":{"rendered":"<p>Jornada t\u00e8cnica, dijous 27 de gener El convenciment que els sistemes de producci\u00f3 i d\u2019alimentaci\u00f3 han de ser m\u00e9s sostenibles per a tots els agents implicats i per al planeta ha fet proliferar, els \u00faltims anys, les cooperatives de productors i consumidors. Per\u00f2, com es posen en marxa? Quina log\u00edstica cal? Qu\u00e8 vendre i com? [&hellip;]<\/p>\n","protected":false},"author":38,"featured_media":790,"comment_status":"closed","ping_status":"open","sticky":false,"template":"","format":"standard","meta":{"_oasis_is_in_workflow":0,"_oasis_original":0,"ngg_post_thumbnail":0},"categories":[1],"tags":[144,145],"_links":{"self":[{"href":"https:\/\/blogs.amb.cat\/alimentaciometropolitana\/wp-json\/wp\/v2\/posts\/789"}],"collection":[{"href":"https:\/\/blogs.amb.cat\/alimentaciometropolitana\/wp-json\/wp\/v2\/posts"}],"about":[{"href":"https:\/\/blogs.amb.cat\/alimentaciometropolitana\/wp-json\/wp\/v2\/types\/post"}],"author":[{"embeddable":true,"href":"https:\/\/blogs.amb.cat\/alimentaciometropolitana\/wp-json\/wp\/v2\/users\/38"}],"replies":[{"embeddable":true,"href":"https:\/\/blogs.amb.cat\/alimentaciometropolitana\/wp-json\/wp\/v2\/comments?post=789"}],"version-history":[{"count":1,"href":"https:\/\/blogs.amb.cat\/alimentaciometropolitana\/wp-json\/wp\/v2\/posts\/789\/revisions"}],"predecessor-version":[{"id":791,"href":"https:\/\/blogs.amb.cat\/alimentaciometropolitana\/wp-json\/wp\/v2\/posts\/789\/revisions\/791"}],"wp:featuredmedia":[{"embeddable":true,"href":"https:\/\/blogs.amb.cat\/alimentaciometropolitana\/wp-json\/wp\/v2\/media\/790"}],"wp:attachment":[{"href":"https:\/\/blogs.amb.cat\/alimentaciometropolitana\/wp-json\/wp\/v2\/media?parent=789"}],"wp:term":[{"taxonomy":"category","embeddable":true,"href":"https:\/\/blogs.amb.cat\/alimentaciometropolitana\/wp-json\/wp\/v2\/categories?post=789"},{"taxonomy":"post_tag","embeddable":true,"href":"https:\/\/blogs.amb.cat\/alimentaciometropolitana\/wp-json\/wp\/v2\/tags?post=789"}],"curies":[{"name":"wp","href":"https:\/\/api.w.org\/{rel}","templated":true}]}}