
 







{"id":79,"date":"2021-04-09T08:01:00","date_gmt":"2021-04-09T06:01:00","guid":{"rendered":"https:\/\/blogs.amb.cat\/alimentaciometropolitana\/?p=79"},"modified":"2021-05-13T01:05:18","modified_gmt":"2021-05-12T23:05:18","slug":"700-quilos-de-carxofes-per-a-les-residencies-de-gent-gran","status":"publish","type":"post","link":"https:\/\/blogs.amb.cat\/alimentaciometropolitana\/2021\/04\/09\/700-quilos-de-carxofes-per-a-les-residencies-de-gent-gran\/","title":{"rendered":"700 quilos de carxofes per a les resid\u00e8ncies de gent gran"},"content":{"rendered":"\n<p class=\"has-medium-font-size\">Una iniciativa per agrair als treballadors i residents l\u2019esfor\u00e7 davant la Covid-19<\/p>\n\n\n\n<p>\u2018Gr\u00e0cies des del Baix Llobregat\u2019 \u00e9s el nom de la campanya que, entre el 12 i el 17 d\u2019abril, repartir\u00e0 prop de 700 quilos de carxofes del Parc Agrari del Baix Llobregat entre el personal i els residents de 134 centres per a gent gran del Baix Llobregat i de L\u2019Hospitalet de Llobregat.<\/p>\n\n\n\n<p>\u00c9s una proposta dels departaments d\u2019Agricultura, Ramaderia, Pesca i Alimentaci\u00f3, de Salut i de Treball, Afers socials i Fam\u00edlies i el Consorci del Parc Agrari del Baix Llobregat que, amb la col\u00b7laboraci\u00f3 de les cooperatives Agr\u00e0ria Santboiana i Agr\u00edcola del Prat, vol agrair l\u2019esfor\u00e7 i la capacitat d\u2019aquestes persones davant la pand\u00e8mia. I ho fan amb el producte m\u00e9s representatiu de la zona, la carxofa, que s\u2019acompanya de receptes per preparar-la de diverses maneres.<\/p>\n\n\n\n<p>Aquesta campanya ja s\u2019ha dut a terme amb anterioritat, a centres residencials de Barcelona, Lleida i Tarragona, amb la distribuci\u00f3 de mandarines de les Terres de l\u2019Ebre (a la capital catalana) i de cal\u00e7ots de Valls a les capitals de la Catalunya nova.<\/p>\n\n\n\n<p>En aquesta ocasi\u00f3 coincideix amb la temporada de carxofa, una hortalissa rica en fibra i vitamines i amb molt poques calories. A m\u00e9s, \u00e9s un aliment de proximitat que, a la cuina, \u00e9s molt vers\u00e0til.<\/p>\n","protected":false},"excerpt":{"rendered":"<p>Una iniciativa per agrair als treballadors i residents l\u2019esfor\u00e7 davant la Covid-19 \u2018Gr\u00e0cies des del Baix Llobregat\u2019 \u00e9s el nom de la campanya que, entre el 12 i el 17 d\u2019abril, repartir\u00e0 prop de 700 quilos de carxofes del Parc Agrari del Baix Llobregat entre el personal i els residents de 134 centres per a [&hellip;]<\/p>\n","protected":false},"author":38,"featured_media":80,"comment_status":"closed","ping_status":"open","sticky":false,"template":"","format":"standard","meta":{"_oasis_is_in_workflow":0,"_oasis_original":0,"ngg_post_thumbnail":0},"categories":[1],"tags":[36,37],"_links":{"self":[{"href":"https:\/\/blogs.amb.cat\/alimentaciometropolitana\/wp-json\/wp\/v2\/posts\/79"}],"collection":[{"href":"https:\/\/blogs.amb.cat\/alimentaciometropolitana\/wp-json\/wp\/v2\/posts"}],"about":[{"href":"https:\/\/blogs.amb.cat\/alimentaciometropolitana\/wp-json\/wp\/v2\/types\/post"}],"author":[{"embeddable":true,"href":"https:\/\/blogs.amb.cat\/alimentaciometropolitana\/wp-json\/wp\/v2\/users\/38"}],"replies":[{"embeddable":true,"href":"https:\/\/blogs.amb.cat\/alimentaciometropolitana\/wp-json\/wp\/v2\/comments?post=79"}],"version-history":[{"count":1,"href":"https:\/\/blogs.amb.cat\/alimentaciometropolitana\/wp-json\/wp\/v2\/posts\/79\/revisions"}],"predecessor-version":[{"id":81,"href":"https:\/\/blogs.amb.cat\/alimentaciometropolitana\/wp-json\/wp\/v2\/posts\/79\/revisions\/81"}],"wp:featuredmedia":[{"embeddable":true,"href":"https:\/\/blogs.amb.cat\/alimentaciometropolitana\/wp-json\/wp\/v2\/media\/80"}],"wp:attachment":[{"href":"https:\/\/blogs.amb.cat\/alimentaciometropolitana\/wp-json\/wp\/v2\/media?parent=79"}],"wp:term":[{"taxonomy":"category","embeddable":true,"href":"https:\/\/blogs.amb.cat\/alimentaciometropolitana\/wp-json\/wp\/v2\/categories?post=79"},{"taxonomy":"post_tag","embeddable":true,"href":"https:\/\/blogs.amb.cat\/alimentaciometropolitana\/wp-json\/wp\/v2\/tags?post=79"}],"curies":[{"name":"wp","href":"https:\/\/api.w.org\/{rel}","templated":true}]}}