
 







{"id":803,"date":"2022-01-25T13:26:00","date_gmt":"2022-01-25T11:26:00","guid":{"rendered":"https:\/\/blogs.amb.cat\/alimentaciometropolitana\/?p=803"},"modified":"2022-02-01T14:37:54","modified_gmt":"2022-02-01T12:37:54","slug":"arrenca-la-bibliollavors","status":"publish","type":"post","link":"https:\/\/blogs.amb.cat\/alimentaciometropolitana\/2022\/01\/25\/arrenca-la-bibliollavors\/","title":{"rendered":"Arrenca el Bibliollavors"},"content":{"rendered":"\n<p class=\"has-medium-font-size\">Un servei pioner a la Biblioteca Collserola-Josep Miracle<\/p>\n\n\n\n<p>Dem\u00e0, 26 de gener, a les 17.30 h, la Biblioteca Collserola-Josep Miracle de Barcelona inicia el Bibliollavors, un projecte <a rel=\"noreferrer noopener\" href=\"https:\/\/twitter.com\/BibliotequesBCN\/status\/1450756191542550528\" target=\"_blank\">anunciat<\/a> l\u2019octubre passat que promou el pr\u00e9stec de llavors. Per a la inauguraci\u00f3 s\u2019ha organitzat un taller, en col\u00b7laboraci\u00f3 amb Dami\u00e0 Gibernet, pag\u00e8s de Collserola i responsable del Banc de llavors de Can Mand\u00f3, en qu\u00e8 s\u2019ensenyar\u00e0 com plantar, recol\u00b7lectar i multiplicar llavors.<\/p>\n\n\n\n<p>Els objectius d\u2019aquesta iniciativa s\u00f3n que \u201cla gent aprengui a fer-se planter, fomentar la circularitat i ajudar a recuperar el territori\u201d, explica N\u00faria Flo, directora de l\u2019equipament i impulsora de <a rel=\"noreferrer noopener\" href=\"https:\/\/ajuntament.barcelona.cat\/biblioteques\/bibcollserola\/ca\/noticia\/la-biblioteca-de-llavors_1107658\" target=\"_blank\">Bibliollavors<\/a>. <\/p>\n\n\n\n<p>La biblioteca de llavors consisteix a cedir en pr\u00e9stec llavors d\u2019hortalisses de la serra de Collserola. \u201cL\u2019usuari signar\u00e0 un document per saber qui s\u2019end\u00fa les llavors, que despr\u00e9s haur\u00e0 de reposar\u201d, indica Flo. \u00c9s a dir, cada persona que s\u2019emporta llavors es compromet a plantar-les, fer-les cr\u00e9ixer, multiplicar-les i tornar-ne unes quantes a la biblioteca perqu\u00e8 una altra persona pugui fer el mateix. D\u2019aquesta manera es garanteix la superviv\u00e8ncia de les llavors alhora que la ciutadania apr\u00e8n horticultura i pren consci\u00e8ncia sobre la producci\u00f3 d\u2019aliments.<\/p>\n\n\n\n<p>Per comen\u00e7ar hi haur\u00e0 tres tipus de llavors diferents, una d\u2019elles de <a href=\"https:\/\/blogs.amb.cat\/alimentaciometropolitana\/2021\/08\/13\/collserola-posa-a-taula-els-seus-aliments-de-marca-de-garantia\/\">tom\u00e0quet mand\u00f3<\/a>, originari de la serra. I la iniciativa tamb\u00e9 inclou una col\u00b7laboraci\u00f3 amb l\u2019escola Nab\u00ed: \u201cEnsenyarem a fer planter als alumnes i quan aconsegueixin reproduir les llavors, les podran intercanviar a la Fira agr\u00edcola de Vallvidrera\u201d, detalla N\u00faria Flo.<\/p>\n\n\n\n<p>Tant el taller de dem\u00e0 com l\u2019acc\u00e9s a la biblioteca de llavors s\u00f3n gratu\u00efts i oberts a tothom.<\/p>\n","protected":false},"excerpt":{"rendered":"<p>Un servei pioner a la Biblioteca Collserola-Josep Miracle Dem\u00e0, 26 de gener, a les 17.30 h, la Biblioteca Collserola-Josep Miracle de Barcelona inicia el Bibliollavors, un projecte anunciat l\u2019octubre passat que promou el pr\u00e9stec de llavors. Per a la inauguraci\u00f3 s\u2019ha organitzat un taller, en col\u00b7laboraci\u00f3 amb Dami\u00e0 Gibernet, pag\u00e8s de Collserola i responsable del [&hellip;]<\/p>\n","protected":false},"author":38,"featured_media":804,"comment_status":"closed","ping_status":"open","sticky":false,"template":"","format":"standard","meta":{"_oasis_is_in_workflow":0,"_oasis_original":0,"ngg_post_thumbnail":0},"categories":[1],"tags":[146,22,147],"_links":{"self":[{"href":"https:\/\/blogs.amb.cat\/alimentaciometropolitana\/wp-json\/wp\/v2\/posts\/803"}],"collection":[{"href":"https:\/\/blogs.amb.cat\/alimentaciometropolitana\/wp-json\/wp\/v2\/posts"}],"about":[{"href":"https:\/\/blogs.amb.cat\/alimentaciometropolitana\/wp-json\/wp\/v2\/types\/post"}],"author":[{"embeddable":true,"href":"https:\/\/blogs.amb.cat\/alimentaciometropolitana\/wp-json\/wp\/v2\/users\/38"}],"replies":[{"embeddable":true,"href":"https:\/\/blogs.amb.cat\/alimentaciometropolitana\/wp-json\/wp\/v2\/comments?post=803"}],"version-history":[{"count":3,"href":"https:\/\/blogs.amb.cat\/alimentaciometropolitana\/wp-json\/wp\/v2\/posts\/803\/revisions"}],"predecessor-version":[{"id":808,"href":"https:\/\/blogs.amb.cat\/alimentaciometropolitana\/wp-json\/wp\/v2\/posts\/803\/revisions\/808"}],"wp:featuredmedia":[{"embeddable":true,"href":"https:\/\/blogs.amb.cat\/alimentaciometropolitana\/wp-json\/wp\/v2\/media\/804"}],"wp:attachment":[{"href":"https:\/\/blogs.amb.cat\/alimentaciometropolitana\/wp-json\/wp\/v2\/media?parent=803"}],"wp:term":[{"taxonomy":"category","embeddable":true,"href":"https:\/\/blogs.amb.cat\/alimentaciometropolitana\/wp-json\/wp\/v2\/categories?post=803"},{"taxonomy":"post_tag","embeddable":true,"href":"https:\/\/blogs.amb.cat\/alimentaciometropolitana\/wp-json\/wp\/v2\/tags?post=803"}],"curies":[{"name":"wp","href":"https:\/\/api.w.org\/{rel}","templated":true}]}}