
 







{"id":82,"date":"2021-04-09T09:06:00","date_gmt":"2021-04-09T07:06:00","guid":{"rendered":"https:\/\/blogs.amb.cat\/alimentaciometropolitana\/?p=82"},"modified":"2022-04-22T17:44:37","modified_gmt":"2022-04-22T15:44:37","slug":"lamb-presenta-el-pla-daccio-per-a-lalimentacio-sostenible","status":"publish","type":"post","link":"https:\/\/blogs.amb.cat\/alimentaciometropolitana\/2021\/04\/09\/lamb-presenta-el-pla-daccio-per-a-lalimentacio-sostenible\/","title":{"rendered":"L\u2019AMB presenta el pla d&#8217;acci\u00f3 per a l\u2019alimentaci\u00f3 sostenible"},"content":{"rendered":"\n<p class=\"has-medium-font-size\">Mesos de feina es concreten en un sistema transversal que involucra administracions i<br>territori<\/p>\n\n\n\n<p>Promoure una alimentaci\u00f3 saludable i respectuosa alhora \u00e9s l\u2019objectiu del <a href=\"https:\/\/www.amb.cat\/ca\/web\/amb\/actualitat\/publicacions\/detall\/-\/publicacio\/pla-d-accio-per-a-l-alimentacio-sostenible\/10500159\/11696\">Pla d&#8217;acci\u00f3 de l\u2019AMB sobre alimentaci\u00f3 sostenible<\/a>, presentat aquests dies i en sintonia amb la designaci\u00f3 de Barcelona com a capital mundial de l\u2019alimentaci\u00f3 sostenible, aquest 2021, i amb la qual col\u00b7laboren els municipis metropolitans.<\/p>\n\n\n\n<p>El territori que suma l\u2019AMB, amb 636 Km2, no nom\u00e9s alimenta part de la poblaci\u00f3 barcelonina amb horta (gr\u00e0cies al Parc Agrari del Baix Llobregat o als horts en parcs metropolitans), sin\u00f3 que tamb\u00e9 aixopluga infraestructures per captar aigua i abastir els conreus (la conca del riu Llobregat o l\u2019aq\u00fc\u00edfer del Bes\u00f2s); ind\u00fastria productora d\u2019aliments (pol\u00edgons industrials repartits pel Vall\u00e8s o el Baix Llobregat); infraestructures per gestionar els residus i reciclar-los (punts verds, deixalleries o ecoparcs), i l\u00ednies de suport al comer\u00e7 de proximitat, entre d\u2019altres.<\/p>\n\n\n\n<p>A tot plegat s\u2019hi suma la voluntat dels \u00faltims anys de l\u2019AMB d\u2019implementar l\u2019economia circular, un sistema que encaixa molt b\u00e9 amb la transformaci\u00f3 cap a models de producci\u00f3 i de consum alimentaris m\u00e9s sostenibles i respectuosos.<\/p>\n\n\n\n<p><strong>La CARM, un bon impuls<\/strong><br>L\u2019adhesi\u00f3 de l\u2019AMB a Barcelona Capital de l\u2019Alimentaci\u00f3 Sostenible, aix\u00ed com a la Carta Aliment\u00e0ria de la Regi\u00f3 Metropolitana (CARM), afavoreix que els governs municipals s\u2019impliquin en la promoci\u00f3 d\u2019una alimentaci\u00f3 m\u00e9s respectuosa. La CARM proporciona un marc estrat\u00e8gic i d\u2019acci\u00f3 per al desenvolupament de pol\u00edtiques aliment\u00e0ries en clau local i de regi\u00f3 metropolitana, amb la implicaci\u00f3 de les administracions p\u00fabliques, l\u2019empresa i el sector productiu, el m\u00f3n acad\u00e8mic i de la recerca, la ciutadania i les seves organitzacions, i els mitjans de comunicaci\u00f3 (l\u2019anomenada qu\u00edntuple h\u00e8lix). Per tot plegat, l\u2019AMB es compromet a:<br><br>. facilitar la participaci\u00f3 i la governan\u00e7a per crear una base social i institucional implicada<br>. defensar un medi agrari viu que impulsi la producci\u00f3 local i el seu valor social i ecol\u00f2gic<br>. prioritzar l\u2019equitat social i econ\u00f2mica davant la crisi clim\u00e0tica i el m\u00f3n post pand\u00e8mia<\/p>\n\n\n\n<p>El desenvolupament del pla estrat\u00e8gic ja ha comen\u00e7at i s\u2019allargar\u00e0 fins al 2023. Es materialitzar\u00e0 en 32 accions organitzades a partir de set eixos d\u2019actuaci\u00f3.<\/p>\n","protected":false},"excerpt":{"rendered":"<p>Mesos de feina es concreten en un sistema transversal que involucra administracions iterritori Promoure una alimentaci\u00f3 saludable i respectuosa alhora \u00e9s l\u2019objectiu del Pla d&#8217;acci\u00f3 de l\u2019AMB sobre alimentaci\u00f3 sostenible, presentat aquests dies i en sintonia amb la designaci\u00f3 de Barcelona com a capital mundial de l\u2019alimentaci\u00f3 sostenible, aquest 2021, i amb la qual col\u00b7laboren [&hellip;]<\/p>\n","protected":false},"author":38,"featured_media":83,"comment_status":"closed","ping_status":"open","sticky":false,"template":"","format":"standard","meta":{"_oasis_is_in_workflow":0,"_oasis_original":0,"ngg_post_thumbnail":0},"categories":[1],"tags":[13,19],"_links":{"self":[{"href":"https:\/\/blogs.amb.cat\/alimentaciometropolitana\/wp-json\/wp\/v2\/posts\/82"}],"collection":[{"href":"https:\/\/blogs.amb.cat\/alimentaciometropolitana\/wp-json\/wp\/v2\/posts"}],"about":[{"href":"https:\/\/blogs.amb.cat\/alimentaciometropolitana\/wp-json\/wp\/v2\/types\/post"}],"author":[{"embeddable":true,"href":"https:\/\/blogs.amb.cat\/alimentaciometropolitana\/wp-json\/wp\/v2\/users\/38"}],"replies":[{"embeddable":true,"href":"https:\/\/blogs.amb.cat\/alimentaciometropolitana\/wp-json\/wp\/v2\/comments?post=82"}],"version-history":[{"count":3,"href":"https:\/\/blogs.amb.cat\/alimentaciometropolitana\/wp-json\/wp\/v2\/posts\/82\/revisions"}],"predecessor-version":[{"id":1622,"href":"https:\/\/blogs.amb.cat\/alimentaciometropolitana\/wp-json\/wp\/v2\/posts\/82\/revisions\/1622"}],"wp:featuredmedia":[{"embeddable":true,"href":"https:\/\/blogs.amb.cat\/alimentaciometropolitana\/wp-json\/wp\/v2\/media\/83"}],"wp:attachment":[{"href":"https:\/\/blogs.amb.cat\/alimentaciometropolitana\/wp-json\/wp\/v2\/media?parent=82"}],"wp:term":[{"taxonomy":"category","embeddable":true,"href":"https:\/\/blogs.amb.cat\/alimentaciometropolitana\/wp-json\/wp\/v2\/categories?post=82"},{"taxonomy":"post_tag","embeddable":true,"href":"https:\/\/blogs.amb.cat\/alimentaciometropolitana\/wp-json\/wp\/v2\/tags?post=82"}],"curies":[{"name":"wp","href":"https:\/\/api.w.org\/{rel}","templated":true}]}}